{"id":110046,"date":"2025-07-15T13:15:22","date_gmt":"2025-07-15T18:15:22","guid":{"rendered":"https:\/\/sertv.gob.pa\/nacionalfm\/?p=110046"},"modified":"2025-07-15T13:15:22","modified_gmt":"2025-07-15T18:15:22","slug":"canciller-panameno-javier-martinez-acha-vasquez-resalto-salida-de-listas-discriminatorias-durante-encuentro-en-bruselas-entre-europa-y-centroamerica","status":"publish","type":"post","link":"https:\/\/sertv.gob.pa\/nacionalfm\/canciller-panameno-javier-martinez-acha-vasquez-resalto-salida-de-listas-discriminatorias-durante-encuentro-en-bruselas-entre-europa-y-centroamerica\/","title":{"rendered":"Canciller paname\u00f1o, Javier Mart\u00ednez-Acha V\u00e1squez, resalt\u00f3 salida de listas discriminatorias, durante encuentro en Bruselas entre Europa y Centroam\u00e9rica"},"content":{"rendered":"<p><em><strong>\u201cAprovecho este importante momento para compartir con satisfacci\u00f3n, que durante la sesi\u00f3n plenaria del parlamento europeo del pasado 9 de julio, se aprob\u00f3 el acto delegado 3815 que enmienda el reglamento delegado, el cual retira finalmente a la Rep\u00fablica de Panam\u00e1 de la lista de jurisdicciones de alto riesgo que presentan deficiencias estrat\u00e9gicas en sus reg\u00edmenes nacionales de lucha contra el blanqueo de capitales y la financiaci\u00f3n al terrorismo\u201d.<\/strong><\/em><\/p>\n<p><strong>Con esas palabras, el ministro de Relaciones Exteriores de Panam\u00e1, Javier Mart\u00ednez Acha V\u00e1squez, comenz\u00f3 su participaci\u00f3n en el Primer Consejo de Asociaci\u00f3n Uni\u00f3n Europea-Centroam\u00e9rica, celebrado en Bruselas, junto a Costa Rica, El Salvador, Guatemala, Honduras y Nicaragua, encuentro que se lleva a cabo despu\u00e9s de que entrara en vigor formalmente el acuerdo de asociaci\u00f3n que rige las relaciones entre las dos regiones.<\/strong><\/p>\n<p><strong>El canciller paname\u00f1o, resalt\u00f3 la s\u00f3lida relaci\u00f3n que la UE y Panam\u00e1, tienen como socios afines que comparten valores similares e intereses comunes. Durante este primer consejo de asociaci\u00f3n en el marco del acuerdo de asociaci\u00f3n entre la UE- Am\u00e9rica Central, se abordaron temas relacionados con la migraci\u00f3n, la seguridad, los tr\u00e1ficos il\u00edcitos, el medio ambiente y el cambio clim\u00e1tico, la gobernanza de la inteligencia artificial y la cooperaci\u00f3n regional.<\/strong><\/p>\n<p><strong>\u00abHoy, abrimos un nuevo cap\u00edtulo en las relaciones entre la UE y Centroam\u00e9rica. Presid\u00ed el primer consejo de asociaci\u00f3n a nivel ministerial, profundizando nuestro di\u00e1logo pol\u00edtico. Abordamos cuestiones geopol\u00edticas acuciantes, promovimos la cooperaci\u00f3n y acordamos ampliar la inversi\u00f3n y el comercio\u00bb, public\u00f3 en redes sociales, la jefa de la diplomacia comunitaria, Kaja Kallas.<\/strong><\/p>\n<p><strong>La alta funcionaria comunitaria, preside el consejo junto al ministro de Asuntos Exteriores de Dinamarca, Lars Lokke Rasmussen, cuyo pa\u00eds ejerce este semestre, la presidencia de turno del Consejo de la UE.<\/strong><\/p>\n<p><strong>El acuerdo de asociaci\u00f3n UE-Centroam\u00e9rica es el primero que concluy\u00f3 la Uni\u00f3n Europea de regi\u00f3n a regi\u00f3n y se basa en tres pilares: di\u00e1logo pol\u00edtico, cooperaci\u00f3n y libre comercio. Entr\u00f3 finalmente en vigor el 1 de mayo del 2024 una vez que lo hubieron ratificado todos los parlamentos pertinentes de los 27 pa\u00edses de la UE y de Am\u00e9rica Central, aunque el pilar comercial del acuerdo se aplicaba de forma provisional desde 2013.<\/strong><\/p>\n<p><strong>Cabe mencionar, que junto a Panam\u00e1, participaron los ministros de Relaciones Exteriores de Costa Rica, Arnoldo Andr\u00e9 Tinoco; de El Salvador, Alexandra Hill Tinoco; de Guatemala, Carlos Ramiro Mart\u00ednez Alvarado, y de Panam\u00e1, Javier Eduardo Mart\u00ednez-Acha V\u00e1squez, y los viceministros de Exteriores de Honduras, Gerardo Torres Zelaya, y de Desarrollo, Industria y Comercio de Nicaragua, Erwin Ram\u00edrez Colindres.<\/strong><\/p>\n<p><strong>La visita oficial del Canciller Mart\u00ednez-Acha V\u00e1squez a Europa, continuar\u00e1 en Austria con el objetivo de agradecer el respaldo recibido para la exclusi\u00f3n de Panam\u00e1 de la lista discriminatoria del Parlamento Europeo y consolidar la relaci\u00f3n con socios claves de ese continente.<\/strong><\/p>\n<p><strong>Posteriormente, en Viena, tiene previsto reunirse con la ministra federal de Asuntos Europeos e Internacionales, Beate Meini-Resinger, con quien firmar\u00e1 un Memor\u00e1ndum de Entendimiento sobre Consultas Pol\u00edticas.<\/strong><\/p>\n","protected":false},"excerpt":{"rendered":"<p>\u201cAprovecho este importante momento para compartir con satisfacci\u00f3n, que durante <a href=\"https:\/\/sertv.gob.pa\/nacionalfm\/canciller-panameno-javier-martinez-acha-vasquez-resalto-salida-de-listas-discriminatorias-durante-encuentro-en-bruselas-entre-europa-y-centroamerica\/\"> [&#8230;]<\/a><\/p>\n","protected":false},"author":9,"featured_media":110048,"comment_status":"closed","ping_status":"closed","sticky":false,"template":"","format":"standard","meta":{"footnotes":""},"categories":[2],"tags":[],"class_list":["post-110046","post","type-post","status-publish","format-standard","has-post-thumbnail","hentry","category-nacionales"],"_links":{"self":[{"href":"https:\/\/sertv.gob.pa\/nacionalfm\/wp-json\/wp\/v2\/posts\/110046","targetHints":{"allow":["GET"]}}],"collection":[{"href":"https:\/\/sertv.gob.pa\/nacionalfm\/wp-json\/wp\/v2\/posts"}],"about":[{"href":"https:\/\/sertv.gob.pa\/nacionalfm\/wp-json\/wp\/v2\/types\/post"}],"author":[{"embeddable":true,"href":"https:\/\/sertv.gob.pa\/nacionalfm\/wp-json\/wp\/v2\/users\/9"}],"replies":[{"embeddable":true,"href":"https:\/\/sertv.gob.pa\/nacionalfm\/wp-json\/wp\/v2\/comments?post=110046"}],"version-history":[{"count":1,"href":"https:\/\/sertv.gob.pa\/nacionalfm\/wp-json\/wp\/v2\/posts\/110046\/revisions"}],"predecessor-version":[{"id":110049,"href":"https:\/\/sertv.gob.pa\/nacionalfm\/wp-json\/wp\/v2\/posts\/110046\/revisions\/110049"}],"wp:featuredmedia":[{"embeddable":true,"href":"https:\/\/sertv.gob.pa\/nacionalfm\/wp-json\/wp\/v2\/media\/110048"}],"wp:attachment":[{"href":"https:\/\/sertv.gob.pa\/nacionalfm\/wp-json\/wp\/v2\/media?parent=110046"}],"wp:term":[{"taxonomy":"category","embeddable":true,"href":"https:\/\/sertv.gob.pa\/nacionalfm\/wp-json\/wp\/v2\/categories?post=110046"},{"taxonomy":"post_tag","embeddable":true,"href":"https:\/\/sertv.gob.pa\/nacionalfm\/wp-json\/wp\/v2\/tags?post=110046"}],"curies":[{"name":"wp","href":"https:\/\/api.w.org\/{rel}","templated":true}]}}