{"id":110053,"date":"2025-07-15T14:02:08","date_gmt":"2025-07-15T19:02:08","guid":{"rendered":"https:\/\/sertv.gob.pa\/nacionalfm\/?p=110053"},"modified":"2025-07-15T14:02:08","modified_gmt":"2025-07-15T19:02:08","slug":"fundacion-puertas-abiertas-busca-fortalecer-seguridad-alimentaria-en-comunidades-y-dona-semillas-certificadas-para-impulsar-huertos-caseros-en-colon","status":"publish","type":"post","link":"https:\/\/sertv.gob.pa\/nacionalfm\/fundacion-puertas-abiertas-busca-fortalecer-seguridad-alimentaria-en-comunidades-y-dona-semillas-certificadas-para-impulsar-huertos-caseros-en-colon\/","title":{"rendered":"Fundaci\u00f3n Puertas Abiertas busca fortalecer seguridad alimentaria en comunidades y dona semillas certificadas para impulsar huertos caseros en Col\u00f3n"},"content":{"rendered":"<p><em><strong>Con la intenci\u00f3n de fortalecer la seguridad alimentaria en comunidades vulnerables, la Fundaci\u00f3n Puertas Abiertas entreg\u00f3 al Ministerio de Desarrollo Social (MIDES), una donaci\u00f3n de semillas certificadas de ma\u00edz, pepino, tomate, piment\u00f3n, apio, repollo, entre otros cultivos.<\/strong><\/em><\/p>\n<p><strong>Esta iniciativa, forma parte de una alianza estrat\u00e9gica entre ambas entidades, orientada a promover la creaci\u00f3n de huertos caseros como una alternativa sostenible para la autosuficiencia alimentaria y el desarrollo comunitario.<\/strong><\/p>\n<p><strong>Durante el acto de entrega, Ana Patricia M\u00e9ndez, directora de la Fundaci\u00f3n, destac\u00f3 el impacto positivo de los programas sociales del MIDES en la vida de las familias vulnerables.<\/strong><\/p>\n<p><strong>\u201cA trav\u00e9s del MIDES en Col\u00f3n, podemos llegar a las mujeres, capacitarlas y empoderarlas para que desarrollen huertos caseros, emprendimientos sostenibles y respetuosos con el medio ambiente\u201d, asegur\u00f3 M\u00e9ndez.<\/strong><\/p>\n<p><strong>Estas semillas ser\u00e1n distribuidas posteriormente, entre los beneficiarios de los programas Red de Oportunidades, Redes Territoriales y del Bono Alimenticio del Sistema Nacional de Planificaci\u00f3n (SENAPAN).<\/strong><\/p>\n<p><strong>En cuanto a esto, Raquel de Camacho, directora provincial del MIDES en Col\u00f3n, agradeci\u00f3 el apoyo recibido y anunci\u00f3 que, se brindar\u00e1n jornadas de capacitaci\u00f3n sobre manejo de huertos caseros, con el fin de garantizar el buen uso de las semillas y maximizar su impacto en las comunidades.<\/strong><\/p>\n<p><strong>Es importante recalcar, que con esta donaci\u00f3n, se espera que m\u00e1s familias en Col\u00f3n, puedan cultivar sus propios alimentos, mejorar su nutrici\u00f3n y generar ingresos a trav\u00e9s de pr\u00e1cticas agr\u00edcolas sostenibles.<\/strong><\/p>\n","protected":false},"excerpt":{"rendered":"<p>Con la intenci\u00f3n de fortalecer la seguridad alimentaria en comunidades <a href=\"https:\/\/sertv.gob.pa\/nacionalfm\/fundacion-puertas-abiertas-busca-fortalecer-seguridad-alimentaria-en-comunidades-y-dona-semillas-certificadas-para-impulsar-huertos-caseros-en-colon\/\"> [&#8230;]<\/a><\/p>\n","protected":false},"author":9,"featured_media":110054,"comment_status":"closed","ping_status":"closed","sticky":false,"template":"","format":"standard","meta":{"footnotes":""},"categories":[2],"tags":[],"class_list":["post-110053","post","type-post","status-publish","format-standard","has-post-thumbnail","hentry","category-nacionales"],"_links":{"self":[{"href":"https:\/\/sertv.gob.pa\/nacionalfm\/wp-json\/wp\/v2\/posts\/110053","targetHints":{"allow":["GET"]}}],"collection":[{"href":"https:\/\/sertv.gob.pa\/nacionalfm\/wp-json\/wp\/v2\/posts"}],"about":[{"href":"https:\/\/sertv.gob.pa\/nacionalfm\/wp-json\/wp\/v2\/types\/post"}],"author":[{"embeddable":true,"href":"https:\/\/sertv.gob.pa\/nacionalfm\/wp-json\/wp\/v2\/users\/9"}],"replies":[{"embeddable":true,"href":"https:\/\/sertv.gob.pa\/nacionalfm\/wp-json\/wp\/v2\/comments?post=110053"}],"version-history":[{"count":1,"href":"https:\/\/sertv.gob.pa\/nacionalfm\/wp-json\/wp\/v2\/posts\/110053\/revisions"}],"predecessor-version":[{"id":110055,"href":"https:\/\/sertv.gob.pa\/nacionalfm\/wp-json\/wp\/v2\/posts\/110053\/revisions\/110055"}],"wp:featuredmedia":[{"embeddable":true,"href":"https:\/\/sertv.gob.pa\/nacionalfm\/wp-json\/wp\/v2\/media\/110054"}],"wp:attachment":[{"href":"https:\/\/sertv.gob.pa\/nacionalfm\/wp-json\/wp\/v2\/media?parent=110053"}],"wp:term":[{"taxonomy":"category","embeddable":true,"href":"https:\/\/sertv.gob.pa\/nacionalfm\/wp-json\/wp\/v2\/categories?post=110053"},{"taxonomy":"post_tag","embeddable":true,"href":"https:\/\/sertv.gob.pa\/nacionalfm\/wp-json\/wp\/v2\/tags?post=110053"}],"curies":[{"name":"wp","href":"https:\/\/api.w.org\/{rel}","templated":true}]}}