{"id":110056,"date":"2025-07-15T14:13:27","date_gmt":"2025-07-15T19:13:27","guid":{"rendered":"https:\/\/sertv.gob.pa\/nacionalfm\/?p=110056"},"modified":"2025-07-15T14:13:27","modified_gmt":"2025-07-15T19:13:27","slug":"el-presidente-de-panama-jose-raul-mulino-recibio-en-la-presidencia-al-superior-general-de-los-hermanos-de-la-salle","status":"publish","type":"post","link":"https:\/\/sertv.gob.pa\/nacionalfm\/el-presidente-de-panama-jose-raul-mulino-recibio-en-la-presidencia-al-superior-general-de-los-hermanos-de-la-salle\/","title":{"rendered":"El Presidente de Panam\u00e1, Jos\u00e9 Ra\u00fal Mulino, recibi\u00f3 en la Presidencia al Superior General de los Hermanos de La Salle"},"content":{"rendered":"<div class=\"fusion-fullwidth fullwidth-box fusion-builder-row-1 fusion-flex-container has-pattern-background has-mask-background nonhundred-percent-fullwidth non-hundred-percent-height-scrolling\" style=\"--awb-border-radius-top-left:0px;--awb-border-radius-top-right:0px;--awb-border-radius-bottom-right:0px;--awb-border-radius-bottom-left:0px;--awb-flex-wrap:wrap;\" ><div class=\"fusion-builder-row fusion-row fusion-flex-align-items-flex-start fusion-flex-content-wrap\" style=\"max-width:1144px;margin-left: calc(-4% \/ 2 );margin-right: calc(-4% \/ 2 );\"><div class=\"fusion-layout-column fusion_builder_column fusion-builder-column-0 fusion_builder_column_1_1 1_1 fusion-flex-column\" style=\"--awb-bg-size:cover;--awb-width-large:100%;--awb-margin-top-large:0px;--awb-spacing-right-large:1.92%;--awb-margin-bottom-large:20px;--awb-spacing-left-large:1.92%;--awb-width-medium:100%;--awb-order-medium:0;--awb-spacing-right-medium:1.92%;--awb-spacing-left-medium:1.92%;--awb-width-small:100%;--awb-order-small:0;--awb-spacing-right-small:1.92%;--awb-spacing-left-small:1.92%;\"><div class=\"fusion-column-wrapper fusion-column-has-shadow fusion-flex-justify-content-flex-start fusion-content-layout-column\"><div class=\"fusion-text fusion-text-1\" style=\"--awb-content-alignment:justify;\"><p><em><strong>El presidente de la Rep\u00fablica de Panam\u00e1, Jos\u00e9 Ra\u00fal Mulino, recibi\u00f3 en la Presidencia, al Superior General de los Hermanos de La Salle, Hno. Armando Luistro, quien present\u00f3 sus saludos en nombre del Instituto de los Hermanos de las Escuelas Cristianas.<\/strong><\/em><\/p>\n<p><strong>El Presidente, estuvo en esta ocasi\u00f3n, acompa\u00f1ado de la ministra de Educaci\u00f3n, Lucy Molinar; mientras que, al Hno. Arm\u00edn (quien fue Ministro de Educaci\u00f3n en Filipinas), le acompa\u00f1aron los Hermanos Mart\u00edn Digilio y Rafael Cer\u00f3n, ambos Consejeros General; Manuel Orozco, Consejero para Am\u00e9rica Central y Panam\u00e1; Julio Herrera, Director del Colegio La Salle de Panam\u00e1; Francisco Boniche, Ec\u00f3nomo; Nelson Saavedra, Pastoralista, y la Lic. Miriam Cifuentes, encargada de Educaci\u00f3n. Y como invitado, el profesor Edwin Cabrera.<\/strong><\/p>\n<p><strong>El presidente Mulino, mostr\u00f3 inter\u00e9s por conocer el funcionamiento de las Escuelas Febres Cordero que funcionan en Panam\u00e1 (La Feria, en Col\u00f3n, y Nuevo Tocumen, en Panam\u00e1), ambas administradas por una fundaci\u00f3n mediante un acuerdo con el MEDUCA.<\/strong><\/p>\n<\/div><\/div><\/div><\/div><\/div>\n","protected":false},"excerpt":{"rendered":"","protected":false},"author":9,"featured_media":110057,"comment_status":"closed","ping_status":"closed","sticky":false,"template":"","format":"standard","meta":{"footnotes":""},"categories":[2],"tags":[],"class_list":["post-110056","post","type-post","status-publish","format-standard","has-post-thumbnail","hentry","category-nacionales"],"_links":{"self":[{"href":"https:\/\/sertv.gob.pa\/nacionalfm\/wp-json\/wp\/v2\/posts\/110056","targetHints":{"allow":["GET"]}}],"collection":[{"href":"https:\/\/sertv.gob.pa\/nacionalfm\/wp-json\/wp\/v2\/posts"}],"about":[{"href":"https:\/\/sertv.gob.pa\/nacionalfm\/wp-json\/wp\/v2\/types\/post"}],"author":[{"embeddable":true,"href":"https:\/\/sertv.gob.pa\/nacionalfm\/wp-json\/wp\/v2\/users\/9"}],"replies":[{"embeddable":true,"href":"https:\/\/sertv.gob.pa\/nacionalfm\/wp-json\/wp\/v2\/comments?post=110056"}],"version-history":[{"count":1,"href":"https:\/\/sertv.gob.pa\/nacionalfm\/wp-json\/wp\/v2\/posts\/110056\/revisions"}],"predecessor-version":[{"id":110058,"href":"https:\/\/sertv.gob.pa\/nacionalfm\/wp-json\/wp\/v2\/posts\/110056\/revisions\/110058"}],"wp:featuredmedia":[{"embeddable":true,"href":"https:\/\/sertv.gob.pa\/nacionalfm\/wp-json\/wp\/v2\/media\/110057"}],"wp:attachment":[{"href":"https:\/\/sertv.gob.pa\/nacionalfm\/wp-json\/wp\/v2\/media?parent=110056"}],"wp:term":[{"taxonomy":"category","embeddable":true,"href":"https:\/\/sertv.gob.pa\/nacionalfm\/wp-json\/wp\/v2\/categories?post=110056"},{"taxonomy":"post_tag","embeddable":true,"href":"https:\/\/sertv.gob.pa\/nacionalfm\/wp-json\/wp\/v2\/tags?post=110056"}],"curies":[{"name":"wp","href":"https:\/\/api.w.org\/{rel}","templated":true}]}}