{"id":110059,"date":"2025-07-16T08:26:29","date_gmt":"2025-07-16T13:26:29","guid":{"rendered":"https:\/\/sertv.gob.pa\/nacionalfm\/?p=110059"},"modified":"2025-07-16T13:48:30","modified_gmt":"2025-07-16T18:48:30","slug":"arnold-porter-kaye-scholer-llp-sera-la-firma-que-representara-a-panama-en-arbitraje-interpuesto-por-sacyr-s-a","status":"publish","type":"post","link":"https:\/\/sertv.gob.pa\/nacionalfm\/arnold-porter-kaye-scholer-llp-sera-la-firma-que-representara-a-panama-en-arbitraje-interpuesto-por-sacyr-s-a\/","title":{"rendered":"Arnold &amp; Porter Kaye Scholer LLP, ser\u00e1 la firma que representar\u00e1 a Panam\u00e1 en arbitraje interpuesto por Sacyr, S.A."},"content":{"rendered":"<div class=\"fusion-fullwidth fullwidth-box fusion-builder-row-1 fusion-flex-container has-pattern-background has-mask-background nonhundred-percent-fullwidth non-hundred-percent-height-scrolling\" style=\"--awb-border-radius-top-left:0px;--awb-border-radius-top-right:0px;--awb-border-radius-bottom-right:0px;--awb-border-radius-bottom-left:0px;--awb-flex-wrap:wrap;\" ><div class=\"fusion-builder-row fusion-row fusion-flex-align-items-flex-start fusion-flex-content-wrap\" style=\"max-width:1144px;margin-left: calc(-4% \/ 2 );margin-right: calc(-4% \/ 2 );\"><div class=\"fusion-layout-column fusion_builder_column fusion-builder-column-0 fusion_builder_column_1_1 1_1 fusion-flex-column\" style=\"--awb-bg-size:cover;--awb-width-large:100%;--awb-margin-top-large:0px;--awb-spacing-right-large:1.92%;--awb-margin-bottom-large:20px;--awb-spacing-left-large:1.92%;--awb-width-medium:100%;--awb-order-medium:0;--awb-spacing-right-medium:1.92%;--awb-spacing-left-medium:1.92%;--awb-width-small:100%;--awb-order-small:0;--awb-spacing-right-small:1.92%;--awb-spacing-left-small:1.92%;\"><div class=\"fusion-column-wrapper fusion-column-has-shadow fusion-flex-justify-content-flex-start fusion-content-layout-column\"><div class=\"fusion-text fusion-text-1\" style=\"--awb-content-alignment:justify;\"><p><em><strong>El Consejo de Gabinete aprob\u00f3 este martes, 15 de julio, la Resoluci\u00f3n N.78-25, que autoriza la contrataci\u00f3n mediante procedimiento excepcional con la firma Arnold &amp; Porter Kaye Scholer LLP, a fin de prestar sus servicios como apoderados legales externos en representaci\u00f3n del Gobierno de Panam\u00e1, en el arbitraje internacional de inversi\u00f3n interpuesto por Sacyr, S.A.<\/strong><\/em><\/p>\n<p><strong>Este se trata de un proceso de arbitraje contra Panam\u00e1 iniciado bajo el Reglamento de Arbitraje de la Comisi\u00f3n de las Naciones Unidas para el Derecho Mercantil Internacional (CNUDMI).<\/strong><\/p>\n<p><strong>La contrataci\u00f3n con la firma Arnold &amp; Porter Kaye Scholer LLP ser\u00e1 hasta la suma m\u00e1xima de $6,550,000.00 y su vigencia ser\u00e1 desde el 1 de marzo de 2023 hasta que se cumpla el objeto del contrato.<\/strong><\/p>\n<\/div><\/div><\/div><\/div><\/div>\n","protected":false},"excerpt":{"rendered":"","protected":false},"author":9,"featured_media":110100,"comment_status":"closed","ping_status":"closed","sticky":false,"template":"","format":"standard","meta":{"footnotes":""},"categories":[2],"tags":[],"class_list":["post-110059","post","type-post","status-publish","format-standard","has-post-thumbnail","hentry","category-nacionales"],"_links":{"self":[{"href":"https:\/\/sertv.gob.pa\/nacionalfm\/wp-json\/wp\/v2\/posts\/110059","targetHints":{"allow":["GET"]}}],"collection":[{"href":"https:\/\/sertv.gob.pa\/nacionalfm\/wp-json\/wp\/v2\/posts"}],"about":[{"href":"https:\/\/sertv.gob.pa\/nacionalfm\/wp-json\/wp\/v2\/types\/post"}],"author":[{"embeddable":true,"href":"https:\/\/sertv.gob.pa\/nacionalfm\/wp-json\/wp\/v2\/users\/9"}],"replies":[{"embeddable":true,"href":"https:\/\/sertv.gob.pa\/nacionalfm\/wp-json\/wp\/v2\/comments?post=110059"}],"version-history":[{"count":2,"href":"https:\/\/sertv.gob.pa\/nacionalfm\/wp-json\/wp\/v2\/posts\/110059\/revisions"}],"predecessor-version":[{"id":110101,"href":"https:\/\/sertv.gob.pa\/nacionalfm\/wp-json\/wp\/v2\/posts\/110059\/revisions\/110101"}],"wp:featuredmedia":[{"embeddable":true,"href":"https:\/\/sertv.gob.pa\/nacionalfm\/wp-json\/wp\/v2\/media\/110100"}],"wp:attachment":[{"href":"https:\/\/sertv.gob.pa\/nacionalfm\/wp-json\/wp\/v2\/media?parent=110059"}],"wp:term":[{"taxonomy":"category","embeddable":true,"href":"https:\/\/sertv.gob.pa\/nacionalfm\/wp-json\/wp\/v2\/categories?post=110059"},{"taxonomy":"post_tag","embeddable":true,"href":"https:\/\/sertv.gob.pa\/nacionalfm\/wp-json\/wp\/v2\/tags?post=110059"}],"curies":[{"name":"wp","href":"https:\/\/api.w.org\/{rel}","templated":true}]}}