{"id":110062,"date":"2025-07-16T09:08:41","date_gmt":"2025-07-16T14:08:41","guid":{"rendered":"https:\/\/sertv.gob.pa\/nacionalfm\/?p=110062"},"modified":"2025-07-16T13:54:30","modified_gmt":"2025-07-16T18:54:30","slug":"consejo-de-gabinete-de-panama-autoriza-contrato-de-prestamo-entre-el-mef-y-el-bcie-y-acunacion-de-monedas-conmemorativas","status":"publish","type":"post","link":"https:\/\/sertv.gob.pa\/nacionalfm\/consejo-de-gabinete-de-panama-autoriza-contrato-de-prestamo-entre-el-mef-y-el-bcie-y-acunacion-de-monedas-conmemorativas\/","title":{"rendered":"Consejo de Gabinete de Panam\u00e1, autoriza contrato de pr\u00e9stamo entre el MEF y el BCIE y acu\u00f1aci\u00f3n de monedas conmemorativas"},"content":{"rendered":"<div class=\"fusion-fullwidth fullwidth-box fusion-builder-row-1 fusion-flex-container has-pattern-background has-mask-background nonhundred-percent-fullwidth non-hundred-percent-height-scrolling\" style=\"--awb-border-radius-top-left:0px;--awb-border-radius-top-right:0px;--awb-border-radius-bottom-right:0px;--awb-border-radius-bottom-left:0px;--awb-flex-wrap:wrap;\" ><div class=\"fusion-builder-row fusion-row fusion-flex-align-items-flex-start fusion-flex-content-wrap\" style=\"max-width:1144px;margin-left: calc(-4% \/ 2 );margin-right: calc(-4% \/ 2 );\"><div class=\"fusion-layout-column fusion_builder_column fusion-builder-column-0 fusion_builder_column_1_1 1_1 fusion-flex-column\" style=\"--awb-bg-size:cover;--awb-width-large:100%;--awb-margin-top-large:0px;--awb-spacing-right-large:1.92%;--awb-margin-bottom-large:20px;--awb-spacing-left-large:1.92%;--awb-width-medium:100%;--awb-order-medium:0;--awb-spacing-right-medium:1.92%;--awb-spacing-left-medium:1.92%;--awb-width-small:100%;--awb-order-small:0;--awb-spacing-right-small:1.92%;--awb-spacing-left-small:1.92%;\"><div class=\"fusion-column-wrapper fusion-column-has-shadow fusion-flex-justify-content-flex-start fusion-content-layout-column\"><div class=\"fusion-text fusion-text-1\" style=\"--awb-content-alignment:justify;\"><p><strong>Autorizan contrato de pr\u00e9stamo entre el MEF y el BCIE<\/strong><\/p>\n<p>El Consejo de Gabinete de Panam\u00e1, aprob\u00f3 el Decreto N.27-25, el cual autoriza la suscripci\u00f3n de un Contrato de Pr\u00e9stamo N\u00b02350 entre la Rep\u00fablica de Panam\u00e1, representada por el Ministerio de Econom\u00eda y Finanzas, y el Banco Centroamericano de Integraci\u00f3n Econ\u00f3mica (BCIE), hasta por un monto de $75,000,000.00.<\/p>\n<p>Estos recursos, estar\u00e1n dirigidos a financiar las necesidades del Presupuesto General del Estado, para la vigencia fiscal a\u00f1o 2025 y otras vigencias fiscales, basado en un programa de reformas de pol\u00edticas denominado \u201cOperaci\u00f3n de Pol\u00edticas de Desarrollo para Apoyar la Promoci\u00f3n de la Conservaci\u00f3n y Restauraci\u00f3n de la Cobertura boscosa en la Rep\u00fablica de Panam\u00e1\u201d.<\/p>\n<p>El contrato de pr\u00e9stamo con el BCIE, es por un plazo de 15 a\u00f1os a una tasa de 5.90%, revisable trimestralmente.<\/p>\n<p>El mismo, ya cuenta con la aprobaci\u00f3n del Directorio Ejecutivo del BCIE y la opini\u00f3n favorable del Consejo Econ\u00f3mico Nacional por parte del Gobierno de Panam\u00e1.<\/p>\n<p><em><strong>Consejo de Gabinete aprueba proyecto de ley de acu\u00f1aci\u00f3n de monedas conmemorativas a favor de proyectos sociales<\/strong><\/em><\/p>\n<p>El Consejo de Gabinete de Panam\u00e1, aprob\u00f3 tambi\u00e9n este martes, 15 de julio, el proyecto de ley N. 20-25, que autoriza la acu\u00f1aci\u00f3n de monedas conmemorativas al Palacio de las Garzas y el Despacho de la Primera Dama en denominaciones de B\/.1.00, B\/.20.00 y B\/.50.00, y cuyo derecho de regal\u00edas producto de las ventas ser\u00e1 a favor de la Asociaci\u00f3n Pro Obras de Beneficencia (APROB).<\/p>\n<p>Esto, es con el fin de contribuir al sostenimiento de los programas de la instituci\u00f3n para conmemorar eventos nacionales de relevancia hist\u00f3rica, cultural o social, resaltando valores patrios, figuras emblem\u00e1ticas y celebraciones de importancia nacional.<\/p>\n<p>La colecci\u00f3n de monedas, tambi\u00e9n tendr\u00e1 como objetivo enaltecer al Palacio de las Garzas, construido en 1673 en el Casco Antiguo de Panam\u00e1, como la sede del Poder Ejecutivo y a la vez como un monumento hist\u00f3rico que encapsula la evoluci\u00f3n de la Naci\u00f3n.<\/p>\n<p>Por otra parte, esta colecci\u00f3n de monedas, ser\u00e1 un reconocimiento al Despacho de la Primera Dama, el cual desempe\u00f1a un papel relevante en la promoci\u00f3n de iniciativas sociales y de bienestar para la comunidad.<\/p>\n<p>La Primera Dama, Maricel Cohen de Mulino, sostuvo que, el objetivo es recobrar esta pr\u00e1ctica con un prop\u00f3sito mayor \u201cque cada moneda no solo cuente nuestra historia, sino que nos ayude a financiar proyectos sociales que transforman vidas\u201d.<\/p>\n<p>Cada pieza o moneda ser\u00e1 un homenaje a Panam\u00e1, su fauna, su flora, la pollera, diablicos sucios, y los hitos hist\u00f3ricos.<\/p>\n<p>Cohen de Mulino, explic\u00f3 que, en esta primera fase, se pidi\u00f3 una inversi\u00f3n inicial, pero el compromiso es que la segunda etapa sea auto financiada a trav\u00e9s de la venta de las monedas, \u201cas\u00ed evitaremos recurrir a pr\u00e9stamos y convertiremos este proyecto en un modelo sostenible, creativo y responsable\u201d.<\/p>\n<p>\u201cLes pido que apoyen para dar este paso juntos y hacer que cada moneda cuente una historia y sume esperanzas\u201d, inst\u00f3 la Primera Dama.<\/p>\n<p>En el proyecto de ley se detalla el valor, dise\u00f1o y material de cada moneda. Las alusivas al Palacio de Las Garzas llevar\u00e1n, en el anverso, la silueta del Palacio de las Garzas y en el reverso, en el centro, el Escudo Nacional. Las alusivas al Despacho de la Primera Dama, contendr\u00e1n en el anverso el logo y el nombre del Despacho de la Primera Dama y en el reverso, en el centro, el Escudo Nacional.<\/p>\n<p>Las monedas de n\u00edquel a color de B\/.1.00 tendr\u00e1n un di\u00e1metro de 34 mil\u00edmetros y un peso aproximado de 15 gramos. Esta emisi\u00f3n, consistir\u00e1 de hasta 2,000 piezas para cada emisi\u00f3n. Su composici\u00f3n ser\u00e1 de 100% n\u00edquel.<\/p>\n<p>La moneda de plata de B\/.20.00, en conmemoraci\u00f3n del Palacio de las Garzas, tendr\u00e1 un di\u00e1metro de 40.6 mil\u00edmetros y un peso neto de 31.1 gramos. Esta emisi\u00f3n ser\u00e1 de hasta 600 piezas; su composici\u00f3n ser\u00e1 de plata de ley .999.<\/p>\n<p>Mientras que la moneda de oro de B\/.50.00, conmemorativa del Palacio de las Garzas, con un di\u00e1metro de 22 mil\u00edmetros y un peso neto de 3.1 gramos. Esta emisi\u00f3n consistir\u00e1 de hasta 200 piezas para cada emisi\u00f3n. Su composici\u00f3n ser\u00e1 de oro de ley .999.<\/p>\n<\/div><div class=\"awb-gallery-wrapper awb-gallery-wrapper-1 button-span-no\" style=\"--more-btn-alignment:center;\"><div style=\"margin:-5px;--awb-bordersize:0px;\" class=\"fusion-gallery fusion-gallery-container fusion-grid-3 fusion-columns-total-6 fusion-gallery-layout-grid fusion-gallery-1\"><div style=\"padding:5px;\" class=\"fusion-grid-column fusion-gallery-column fusion-gallery-column-3 hover-type-none\"><div class=\"fusion-gallery-image\"><a href=\"https:\/\/sertv.gob.pa\/nacionalfm\/wp-content\/uploads\/sites\/6\/2025\/07\/FOTO-CONSEJO-1.jpeg\" rel=\"noreferrer\" data-rel=\"iLightbox[gallery_image_1]\" class=\"fusion-lightbox\" target=\"_self\"><img decoding=\"async\" src=\"https:\/\/sertv.gob.pa\/nacionalfm\/wp-content\/uploads\/sites\/6\/2025\/07\/FOTO-CONSEJO-1.jpeg\" width=\"600\" height=\"429\" alt=\"\" title=\"FOTO CONSEJO 1\" aria-label=\"FOTO CONSEJO 1\" class=\"img-responsive wp-image-110102\" srcset=\"https:\/\/sertv.gob.pa\/nacionalfm\/wp-content\/uploads\/sites\/6\/2025\/07\/FOTO-CONSEJO-1-200x143.jpeg 200w, https:\/\/sertv.gob.pa\/nacionalfm\/wp-content\/uploads\/sites\/6\/2025\/07\/FOTO-CONSEJO-1-400x286.jpeg 400w, https:\/\/sertv.gob.pa\/nacionalfm\/wp-content\/uploads\/sites\/6\/2025\/07\/FOTO-CONSEJO-1.jpeg 600w\" sizes=\"(min-width: 2200px) 100vw, (min-width: 784px) 363px, (min-width: 712px) 545px, (min-width: 640px) 712px, \" \/><\/a><\/div><\/div><div style=\"padding:5px;\" class=\"fusion-grid-column fusion-gallery-column fusion-gallery-column-3 hover-type-none\"><div class=\"fusion-gallery-image\"><a href=\"https:\/\/sertv.gob.pa\/nacionalfm\/wp-content\/uploads\/sites\/6\/2025\/07\/FOTO-CONSEJO-2.jpeg\" rel=\"noreferrer\" data-rel=\"iLightbox[gallery_image_1]\" class=\"fusion-lightbox\" target=\"_self\"><img decoding=\"async\" src=\"https:\/\/sertv.gob.pa\/nacionalfm\/wp-content\/uploads\/sites\/6\/2025\/07\/FOTO-CONSEJO-2.jpeg\" width=\"600\" height=\"454\" alt=\"\" title=\"FOTO CONSEJO 2\" aria-label=\"FOTO CONSEJO 2\" class=\"img-responsive wp-image-110103\" srcset=\"https:\/\/sertv.gob.pa\/nacionalfm\/wp-content\/uploads\/sites\/6\/2025\/07\/FOTO-CONSEJO-2-200x151.jpeg 200w, https:\/\/sertv.gob.pa\/nacionalfm\/wp-content\/uploads\/sites\/6\/2025\/07\/FOTO-CONSEJO-2-400x303.jpeg 400w, https:\/\/sertv.gob.pa\/nacionalfm\/wp-content\/uploads\/sites\/6\/2025\/07\/FOTO-CONSEJO-2.jpeg 600w\" sizes=\"(min-width: 2200px) 100vw, (min-width: 784px) 363px, (min-width: 712px) 545px, (min-width: 640px) 712px, \" \/><\/a><\/div><\/div><div style=\"padding:5px;\" class=\"fusion-grid-column fusion-gallery-column fusion-gallery-column-3 hover-type-none\"><div class=\"fusion-gallery-image\"><a href=\"https:\/\/sertv.gob.pa\/nacionalfm\/wp-content\/uploads\/sites\/6\/2025\/07\/FOTO-CONSEJO-3.jpeg\" rel=\"noreferrer\" data-rel=\"iLightbox[gallery_image_1]\" class=\"fusion-lightbox\" target=\"_self\"><img decoding=\"async\" src=\"https:\/\/sertv.gob.pa\/nacionalfm\/wp-content\/uploads\/sites\/6\/2025\/07\/FOTO-CONSEJO-3.jpeg\" width=\"600\" height=\"444\" alt=\"\" title=\"FOTO CONSEJO 3\" aria-label=\"FOTO CONSEJO 3\" class=\"img-responsive wp-image-110104\" srcset=\"https:\/\/sertv.gob.pa\/nacionalfm\/wp-content\/uploads\/sites\/6\/2025\/07\/FOTO-CONSEJO-3-200x148.jpeg 200w, https:\/\/sertv.gob.pa\/nacionalfm\/wp-content\/uploads\/sites\/6\/2025\/07\/FOTO-CONSEJO-3-400x296.jpeg 400w, https:\/\/sertv.gob.pa\/nacionalfm\/wp-content\/uploads\/sites\/6\/2025\/07\/FOTO-CONSEJO-3.jpeg 600w\" sizes=\"(min-width: 2200px) 100vw, (min-width: 784px) 363px, (min-width: 712px) 545px, (min-width: 640px) 712px, \" \/><\/a><\/div><\/div><div class=\"clearfix\"><\/div><div style=\"padding:5px;\" class=\"fusion-grid-column fusion-gallery-column fusion-gallery-column-3 hover-type-none\"><div class=\"fusion-gallery-image\"><a href=\"https:\/\/sertv.gob.pa\/nacionalfm\/wp-content\/uploads\/sites\/6\/2025\/07\/FOTO-CONSEJO-5.jpeg\" rel=\"noreferrer\" data-rel=\"iLightbox[gallery_image_1]\" class=\"fusion-lightbox\" target=\"_self\"><img decoding=\"async\" src=\"https:\/\/sertv.gob.pa\/nacionalfm\/wp-content\/uploads\/sites\/6\/2025\/07\/FOTO-CONSEJO-5.jpeg\" width=\"400\" height=\"600\" alt=\"\" title=\"FOTO CONSEJO 5\" aria-label=\"FOTO CONSEJO 5\" class=\"img-responsive wp-image-110105\" srcset=\"https:\/\/sertv.gob.pa\/nacionalfm\/wp-content\/uploads\/sites\/6\/2025\/07\/FOTO-CONSEJO-5-200x300.jpeg 200w, https:\/\/sertv.gob.pa\/nacionalfm\/wp-content\/uploads\/sites\/6\/2025\/07\/FOTO-CONSEJO-5.jpeg 400w\" sizes=\"(min-width: 2200px) 100vw, (min-width: 784px) 363px, (min-width: 712px) 545px, (min-width: 640px) 712px, \" \/><\/a><\/div><\/div><div style=\"padding:5px;\" class=\"fusion-grid-column fusion-gallery-column fusion-gallery-column-3 hover-type-none\"><div class=\"fusion-gallery-image\"><a href=\"https:\/\/sertv.gob.pa\/nacionalfm\/wp-content\/uploads\/sites\/6\/2025\/07\/FOTO-CONSEJO-6.jpeg\" rel=\"noreferrer\" data-rel=\"iLightbox[gallery_image_1]\" class=\"fusion-lightbox\" target=\"_self\"><img decoding=\"async\" src=\"https:\/\/sertv.gob.pa\/nacionalfm\/wp-content\/uploads\/sites\/6\/2025\/07\/FOTO-CONSEJO-6.jpeg\" width=\"400\" height=\"600\" alt=\"\" title=\"FOTO CONSEJO 6\" aria-label=\"FOTO CONSEJO 6\" class=\"img-responsive wp-image-110106\" srcset=\"https:\/\/sertv.gob.pa\/nacionalfm\/wp-content\/uploads\/sites\/6\/2025\/07\/FOTO-CONSEJO-6-200x300.jpeg 200w, https:\/\/sertv.gob.pa\/nacionalfm\/wp-content\/uploads\/sites\/6\/2025\/07\/FOTO-CONSEJO-6.jpeg 400w\" sizes=\"(min-width: 2200px) 100vw, (min-width: 784px) 363px, (min-width: 712px) 545px, (min-width: 640px) 712px, \" \/><\/a><\/div><\/div><div style=\"padding:5px;\" class=\"fusion-grid-column fusion-gallery-column fusion-gallery-column-3 hover-type-none\"><div class=\"fusion-gallery-image\"><a href=\"https:\/\/sertv.gob.pa\/nacionalfm\/wp-content\/uploads\/sites\/6\/2025\/07\/FOTO-CONSEJO-7.jpeg\" rel=\"noreferrer\" data-rel=\"iLightbox[gallery_image_1]\" class=\"fusion-lightbox\" target=\"_self\"><img decoding=\"async\" src=\"https:\/\/sertv.gob.pa\/nacionalfm\/wp-content\/uploads\/sites\/6\/2025\/07\/FOTO-CONSEJO-7.jpeg\" width=\"600\" height=\"441\" alt=\"\" title=\"FOTO CONSEJO 7\" aria-label=\"FOTO CONSEJO 7\" class=\"img-responsive wp-image-110107\" srcset=\"https:\/\/sertv.gob.pa\/nacionalfm\/wp-content\/uploads\/sites\/6\/2025\/07\/FOTO-CONSEJO-7-200x147.jpeg 200w, https:\/\/sertv.gob.pa\/nacionalfm\/wp-content\/uploads\/sites\/6\/2025\/07\/FOTO-CONSEJO-7-400x294.jpeg 400w, https:\/\/sertv.gob.pa\/nacionalfm\/wp-content\/uploads\/sites\/6\/2025\/07\/FOTO-CONSEJO-7.jpeg 600w\" sizes=\"(min-width: 2200px) 100vw, (min-width: 784px) 363px, (min-width: 712px) 545px, (min-width: 640px) 712px, \" \/><\/a><\/div><\/div><div class=\"clearfix\"><\/div><\/div><\/div><\/div><\/div><\/div><\/div>\n","protected":false},"excerpt":{"rendered":"","protected":false},"author":9,"featured_media":110102,"comment_status":"closed","ping_status":"closed","sticky":false,"template":"","format":"standard","meta":{"footnotes":""},"categories":[2],"tags":[],"class_list":["post-110062","post","type-post","status-publish","format-standard","has-post-thumbnail","hentry","category-nacionales"],"_links":{"self":[{"href":"https:\/\/sertv.gob.pa\/nacionalfm\/wp-json\/wp\/v2\/posts\/110062","targetHints":{"allow":["GET"]}}],"collection":[{"href":"https:\/\/sertv.gob.pa\/nacionalfm\/wp-json\/wp\/v2\/posts"}],"about":[{"href":"https:\/\/sertv.gob.pa\/nacionalfm\/wp-json\/wp\/v2\/types\/post"}],"author":[{"embeddable":true,"href":"https:\/\/sertv.gob.pa\/nacionalfm\/wp-json\/wp\/v2\/users\/9"}],"replies":[{"embeddable":true,"href":"https:\/\/sertv.gob.pa\/nacionalfm\/wp-json\/wp\/v2\/comments?post=110062"}],"version-history":[{"count":2,"href":"https:\/\/sertv.gob.pa\/nacionalfm\/wp-json\/wp\/v2\/posts\/110062\/revisions"}],"predecessor-version":[{"id":110108,"href":"https:\/\/sertv.gob.pa\/nacionalfm\/wp-json\/wp\/v2\/posts\/110062\/revisions\/110108"}],"wp:featuredmedia":[{"embeddable":true,"href":"https:\/\/sertv.gob.pa\/nacionalfm\/wp-json\/wp\/v2\/media\/110102"}],"wp:attachment":[{"href":"https:\/\/sertv.gob.pa\/nacionalfm\/wp-json\/wp\/v2\/media?parent=110062"}],"wp:term":[{"taxonomy":"category","embeddable":true,"href":"https:\/\/sertv.gob.pa\/nacionalfm\/wp-json\/wp\/v2\/categories?post=110062"},{"taxonomy":"post_tag","embeddable":true,"href":"https:\/\/sertv.gob.pa\/nacionalfm\/wp-json\/wp\/v2\/tags?post=110062"}],"curies":[{"name":"wp","href":"https:\/\/api.w.org\/{rel}","templated":true}]}}