{"id":110068,"date":"2025-07-16T10:10:22","date_gmt":"2025-07-16T15:10:22","guid":{"rendered":"https:\/\/sertv.gob.pa\/nacionalfm\/?p=110068"},"modified":"2025-07-16T10:10:22","modified_gmt":"2025-07-16T15:10:22","slug":"autoridades-sostienen-reunion-para-unir-esfuerzos-y-buscar-soluciones-de-los-vertederos-en-panama","status":"publish","type":"post","link":"https:\/\/sertv.gob.pa\/nacionalfm\/autoridades-sostienen-reunion-para-unir-esfuerzos-y-buscar-soluciones-de-los-vertederos-en-panama\/","title":{"rendered":"Autoridades sostienen reuni\u00f3n para unir esfuerzos y buscar soluciones de los vertederos en Panam\u00e1"},"content":{"rendered":"<p><em><strong>La recolecci\u00f3n, tratamiento y disposici\u00f3n final de los desechos en los distintos distritos del pa\u00eds es de suma importancia para el presidente de la rep\u00fablica de Panam\u00e1, Jos\u00e9 Ra\u00fal Mulino.<\/strong><\/em><\/p>\n<p><strong>Es por esto que, el Administrador General de la Autoridad de Aseo Urbano y Domiciliario (AAUD), Ovil Moreno Mar\u00edn y su equipo t\u00e9cnico, se mantiene trabajando de forma constante a fin de resolver la condici\u00f3n de los diferentes vertederos a nivel nacional, incluyendo tambi\u00e9n, el Relleno Sanitario de Cerro Patac\u00f3n RSCP.<\/strong><\/p>\n<p><strong>Los trabajos de adecuaci\u00f3n, fueron presentados al Defensor del Pueblo, Eduardo Leblanc Gonz\u00e1lez, quien manifest\u00f3 su inter\u00e9s y disposici\u00f3n de apoyar los proyectos como parte del diagn\u00f3stico nacional para transformar la gesti\u00f3n de los residuos en las provincias de Los Santos, Herrera, Veraguas, Cocl\u00e9, Bocas del Toro y Panam\u00e1 Oeste.<\/strong><\/p>\n<p><strong>Moreno Mar\u00edn, explic\u00f3 que, para esta semana, se prev\u00e9 una concentraci\u00f3n de 14 alcaldes de la regi\u00f3n central del pa\u00eds en en vertedero de La Chorrera con el Ministro de Ambiente, Juan Carlos Navarro, para tratar el tema del funcionamiento y tratamiento final de los desechos.<\/strong><\/p>\n<p><strong>En otros temas, tambi\u00e9n mencionaron sobre la situaci\u00f3n de los desechos en el distrito de San Miguelito, los operativos de recolecci\u00f3n que lleva a cabo la AAUD tanto diurnos como nocturnos, para mantener la ciudad limpia, el tratamiento final de las llantas as\u00ed como de refrigeradoras, estufas y otros enseres en desuso.<\/strong><\/p>\n<p><strong>Por la Defensor\u00eda del Pueblo, tambi\u00e9n participaron en la reuni\u00f3n, Jonathan Santana, director de la Oficina de Cooperaci\u00f3n Internacional y Bol\u00edvar Rodr\u00edguez, director de Asuntos Ambientales, mientras que, por AAUD, Adelaida Fundora, directora de Asesor\u00eda Legal y Marco Altuna, asesor.<\/strong><\/p>\n<p>&nbsp;<\/p>\n","protected":false},"excerpt":{"rendered":"<p>La recolecci\u00f3n, tratamiento y disposici\u00f3n final de los desechos en <a href=\"https:\/\/sertv.gob.pa\/nacionalfm\/autoridades-sostienen-reunion-para-unir-esfuerzos-y-buscar-soluciones-de-los-vertederos-en-panama\/\"> [&#8230;]<\/a><\/p>\n","protected":false},"author":9,"featured_media":110069,"comment_status":"closed","ping_status":"closed","sticky":false,"template":"","format":"standard","meta":{"footnotes":""},"categories":[2],"tags":[],"class_list":["post-110068","post","type-post","status-publish","format-standard","has-post-thumbnail","hentry","category-nacionales"],"_links":{"self":[{"href":"https:\/\/sertv.gob.pa\/nacionalfm\/wp-json\/wp\/v2\/posts\/110068","targetHints":{"allow":["GET"]}}],"collection":[{"href":"https:\/\/sertv.gob.pa\/nacionalfm\/wp-json\/wp\/v2\/posts"}],"about":[{"href":"https:\/\/sertv.gob.pa\/nacionalfm\/wp-json\/wp\/v2\/types\/post"}],"author":[{"embeddable":true,"href":"https:\/\/sertv.gob.pa\/nacionalfm\/wp-json\/wp\/v2\/users\/9"}],"replies":[{"embeddable":true,"href":"https:\/\/sertv.gob.pa\/nacionalfm\/wp-json\/wp\/v2\/comments?post=110068"}],"version-history":[{"count":2,"href":"https:\/\/sertv.gob.pa\/nacionalfm\/wp-json\/wp\/v2\/posts\/110068\/revisions"}],"predecessor-version":[{"id":110071,"href":"https:\/\/sertv.gob.pa\/nacionalfm\/wp-json\/wp\/v2\/posts\/110068\/revisions\/110071"}],"wp:featuredmedia":[{"embeddable":true,"href":"https:\/\/sertv.gob.pa\/nacionalfm\/wp-json\/wp\/v2\/media\/110069"}],"wp:attachment":[{"href":"https:\/\/sertv.gob.pa\/nacionalfm\/wp-json\/wp\/v2\/media?parent=110068"}],"wp:term":[{"taxonomy":"category","embeddable":true,"href":"https:\/\/sertv.gob.pa\/nacionalfm\/wp-json\/wp\/v2\/categories?post=110068"},{"taxonomy":"post_tag","embeddable":true,"href":"https:\/\/sertv.gob.pa\/nacionalfm\/wp-json\/wp\/v2\/tags?post=110068"}],"curies":[{"name":"wp","href":"https:\/\/api.w.org\/{rel}","templated":true}]}}