{"id":110072,"date":"2025-07-16T10:30:06","date_gmt":"2025-07-16T15:30:06","guid":{"rendered":"https:\/\/sertv.gob.pa\/nacionalfm\/?p=110072"},"modified":"2025-07-16T10:30:06","modified_gmt":"2025-07-16T15:30:06","slug":"ifarhu-de-panama-sirvio-de-sede-para-reunion-de-la-comision-de-educacion-del-conadis-para-evaluar-avances-del-primer-semestre","status":"publish","type":"post","link":"https:\/\/sertv.gob.pa\/nacionalfm\/ifarhu-de-panama-sirvio-de-sede-para-reunion-de-la-comision-de-educacion-del-conadis-para-evaluar-avances-del-primer-semestre\/","title":{"rendered":"IFARHU de Panam\u00e1, sirvi\u00f3 de sede para reuni\u00f3n de la Comisi\u00f3n de Educaci\u00f3n del CONADIS para evaluar avances del primer semestre"},"content":{"rendered":"<p><em><strong>El Instituto para la Formaci\u00f3n y Aprovechamiento de Recursos Humanos de Panam\u00e1 (IFARHU), fue escenario de la m\u00e1s reciente reuni\u00f3n de la Comisi\u00f3n de Educaci\u00f3n del Consejo Nacional Consultivo de Discapacidad (CONADIS), en la que se present\u00f3 el informe semestral que recoge los avances y acciones ejecutadas por las 18 instituciones que integran dicha comisi\u00f3n.<\/strong><\/em><\/p>\n<p><strong>Durante este encuentro, se expusieron los aportes institucionales dirigidos a garantizar una educaci\u00f3n inclusiva, equitativa y de calidad para las personas con discapacidad.<\/strong><\/p>\n<p><strong>En este sentido, el director general del IFARHU, Carlos Godoy, resalt\u00f3 la relevancia de seguir fortaleciendo estas iniciativas y reiter\u00f3 el compromiso de la instituci\u00f3n con la promoci\u00f3n de una educaci\u00f3n accesible para todos.<\/strong><\/p>\n<p><strong>Para esta jornada, se cont\u00f3 con la presencia de representantes de asociaciones y enlaces institucionales que forman parte activa de la comisi\u00f3n, quienes coincidieron en reconocer el trabajo articulado que se ha venido desarrollando, as\u00ed como el esfuerzo sostenido de cada entidad para fomentar entornos m\u00e1s inclusivos en el pa\u00eds.<\/strong><\/p>\n<p>&nbsp;<\/p>\n","protected":false},"excerpt":{"rendered":"<p>El Instituto para la Formaci\u00f3n y Aprovechamiento de Recursos Humanos <a href=\"https:\/\/sertv.gob.pa\/nacionalfm\/ifarhu-de-panama-sirvio-de-sede-para-reunion-de-la-comision-de-educacion-del-conadis-para-evaluar-avances-del-primer-semestre\/\"> [&#8230;]<\/a><\/p>\n","protected":false},"author":9,"featured_media":110073,"comment_status":"closed","ping_status":"closed","sticky":false,"template":"","format":"standard","meta":{"footnotes":""},"categories":[2],"tags":[],"class_list":["post-110072","post","type-post","status-publish","format-standard","has-post-thumbnail","hentry","category-nacionales"],"_links":{"self":[{"href":"https:\/\/sertv.gob.pa\/nacionalfm\/wp-json\/wp\/v2\/posts\/110072","targetHints":{"allow":["GET"]}}],"collection":[{"href":"https:\/\/sertv.gob.pa\/nacionalfm\/wp-json\/wp\/v2\/posts"}],"about":[{"href":"https:\/\/sertv.gob.pa\/nacionalfm\/wp-json\/wp\/v2\/types\/post"}],"author":[{"embeddable":true,"href":"https:\/\/sertv.gob.pa\/nacionalfm\/wp-json\/wp\/v2\/users\/9"}],"replies":[{"embeddable":true,"href":"https:\/\/sertv.gob.pa\/nacionalfm\/wp-json\/wp\/v2\/comments?post=110072"}],"version-history":[{"count":2,"href":"https:\/\/sertv.gob.pa\/nacionalfm\/wp-json\/wp\/v2\/posts\/110072\/revisions"}],"predecessor-version":[{"id":110075,"href":"https:\/\/sertv.gob.pa\/nacionalfm\/wp-json\/wp\/v2\/posts\/110072\/revisions\/110075"}],"wp:featuredmedia":[{"embeddable":true,"href":"https:\/\/sertv.gob.pa\/nacionalfm\/wp-json\/wp\/v2\/media\/110073"}],"wp:attachment":[{"href":"https:\/\/sertv.gob.pa\/nacionalfm\/wp-json\/wp\/v2\/media?parent=110072"}],"wp:term":[{"taxonomy":"category","embeddable":true,"href":"https:\/\/sertv.gob.pa\/nacionalfm\/wp-json\/wp\/v2\/categories?post=110072"},{"taxonomy":"post_tag","embeddable":true,"href":"https:\/\/sertv.gob.pa\/nacionalfm\/wp-json\/wp\/v2\/tags?post=110072"}],"curies":[{"name":"wp","href":"https:\/\/api.w.org\/{rel}","templated":true}]}}