{"id":110076,"date":"2025-07-16T10:43:57","date_gmt":"2025-07-16T15:43:57","guid":{"rendered":"https:\/\/sertv.gob.pa\/nacionalfm\/?p=110076"},"modified":"2025-07-16T10:43:57","modified_gmt":"2025-07-16T15:43:57","slug":"otro-caso-de-dinero-no-declarado-en-panama-pacifico-por-usd11984","status":"publish","type":"post","link":"https:\/\/sertv.gob.pa\/nacionalfm\/otro-caso-de-dinero-no-declarado-en-panama-pacifico-por-usd11984\/","title":{"rendered":"Otro caso de dinero no declarado en Panam\u00e1 Pacifico por USD$11,984"},"content":{"rendered":"<p><strong>Otro caso m\u00e1s de dinero no declarado se dio en la terminal a\u00e9rea de Panam\u00e1 Pac\u00edfico, cuando una pasajera, al realiz\u00e1rsele la revisi\u00f3n secundaria, se le encontr\u00f3 que cargaba la suma de USD$11,984, lo cual excede el l\u00edmite permitido por ley.<\/strong><\/p>\n<p><strong>Los hechos se dieron el pasado 14 de julio, al momento de presentarse la pasajera al \u00e1rea de carriles y solicitarle la inspectora de Aduanas, su Declaraci\u00f3n Jurada de Viajero Digital, pero la pasajera indic\u00f3, despu\u00e9s de hac\u00e9rsele la pregunta en tres ocasiones, que ella cargaba solo la suma de 10 mil d\u00f3lares, por lo cual deciden en compa\u00f1\u00eda del personal de la Aeronaval, realizarle una revisi\u00f3n secundaria del equipaje, encontrando la inspectora en unos de los bolsillos de una chaqueta negra, un excedente de dinero, que al sumarse arroj\u00f3 la cantidad de USD$11,984, por lo que le fue retenido para investigaci\u00f3n.<\/strong><\/p>\n","protected":false},"excerpt":{"rendered":"<p>Otro caso m\u00e1s de dinero no declarado se dio en <a href=\"https:\/\/sertv.gob.pa\/nacionalfm\/otro-caso-de-dinero-no-declarado-en-panama-pacifico-por-usd11984\/\"> [&#8230;]<\/a><\/p>\n","protected":false},"author":9,"featured_media":110077,"comment_status":"closed","ping_status":"closed","sticky":false,"template":"","format":"standard","meta":{"footnotes":""},"categories":[2],"tags":[],"class_list":["post-110076","post","type-post","status-publish","format-standard","has-post-thumbnail","hentry","category-nacionales"],"_links":{"self":[{"href":"https:\/\/sertv.gob.pa\/nacionalfm\/wp-json\/wp\/v2\/posts\/110076","targetHints":{"allow":["GET"]}}],"collection":[{"href":"https:\/\/sertv.gob.pa\/nacionalfm\/wp-json\/wp\/v2\/posts"}],"about":[{"href":"https:\/\/sertv.gob.pa\/nacionalfm\/wp-json\/wp\/v2\/types\/post"}],"author":[{"embeddable":true,"href":"https:\/\/sertv.gob.pa\/nacionalfm\/wp-json\/wp\/v2\/users\/9"}],"replies":[{"embeddable":true,"href":"https:\/\/sertv.gob.pa\/nacionalfm\/wp-json\/wp\/v2\/comments?post=110076"}],"version-history":[{"count":1,"href":"https:\/\/sertv.gob.pa\/nacionalfm\/wp-json\/wp\/v2\/posts\/110076\/revisions"}],"predecessor-version":[{"id":110078,"href":"https:\/\/sertv.gob.pa\/nacionalfm\/wp-json\/wp\/v2\/posts\/110076\/revisions\/110078"}],"wp:featuredmedia":[{"embeddable":true,"href":"https:\/\/sertv.gob.pa\/nacionalfm\/wp-json\/wp\/v2\/media\/110077"}],"wp:attachment":[{"href":"https:\/\/sertv.gob.pa\/nacionalfm\/wp-json\/wp\/v2\/media?parent=110076"}],"wp:term":[{"taxonomy":"category","embeddable":true,"href":"https:\/\/sertv.gob.pa\/nacionalfm\/wp-json\/wp\/v2\/categories?post=110076"},{"taxonomy":"post_tag","embeddable":true,"href":"https:\/\/sertv.gob.pa\/nacionalfm\/wp-json\/wp\/v2\/tags?post=110076"}],"curies":[{"name":"wp","href":"https:\/\/api.w.org\/{rel}","templated":true}]}}