{"id":110093,"date":"2025-07-16T13:24:11","date_gmt":"2025-07-16T18:24:11","guid":{"rendered":"https:\/\/sertv.gob.pa\/nacionalfm\/?p=110093"},"modified":"2025-07-16T13:24:11","modified_gmt":"2025-07-16T18:24:11","slug":"alcaldia-de-panama-en-jornada-de-reforestacion-siembra-1000-plantones-en-via-panama-norte","status":"publish","type":"post","link":"https:\/\/sertv.gob.pa\/nacionalfm\/alcaldia-de-panama-en-jornada-de-reforestacion-siembra-1000-plantones-en-via-panama-norte\/","title":{"rendered":"Alcald\u00eda de Panam\u00e1 en jornada de reforestaci\u00f3n, siembra 1,000 plantones en v\u00eda Panam\u00e1 Norte"},"content":{"rendered":"<p><em><strong>Mil nuevos \u00e1rboles fueron sembrados recientemente en Panam\u00e1 Norte, durante una jornada de reforestaci\u00f3n organizada por el equipo de la Alcald\u00eda de Panam\u00e1, reafirmando su compromiso con el medio ambiente, la participaci\u00f3n ciudadana y el futuro verde de la ciudad.<\/strong><\/em><\/p>\n<p><strong>Esta actividad se desarroll\u00f3 de 9:00 a.m. a 12:00 m.d. en los alrededores del centro comercial Plaza del Lago (Super Xtra del Lago), y cont\u00f3 con actividades complementarias como: feria de salud, vacunaci\u00f3n de mascotas, feria de alimentos, presentaciones art\u00edsticas y la preparaci\u00f3n de un sop\u00f3n comunitario compartido entre los asistentes.<\/strong><\/p>\n<p><strong>La jornada, fue organizada por la Alcald\u00eda de Panam\u00e1 conjuntamente con las Juntas Comunales de Ernesto C\u00f3rdoba Campos, Caimitillo y Alcalde D\u00edaz, con la participaci\u00f3n activa de moradores y voluntarios que se unieron a la iniciativa.<\/strong><\/p>\n<p><strong>Igualmente, se cont\u00f3 con el valioso respaldo de aliados del sector privado y organizaciones sociales como: Automarket Rent a Car, Novartis Pharma Logistics, HTZanetatos, RC Tax Consulting, Grupo Initium Panam\u00e1, Saint-Honor\u00e9, Voluntarios de Panam\u00e1, Club de Leones, ETESA y la estaci\u00f3n Delta.<\/strong><\/p>\n<p><strong>Para esta gesti\u00f3n, le correspondi\u00f3 a Salvador Aviad, jefe de despacho, encabezar la jornada en representaci\u00f3n de la Alcald\u00eda de Panam\u00e1, y destac\u00f3 la importancia de estas acciones:<\/strong><\/p>\n<p><strong>\u201cReforestar es un acto de amor por la ciudad y el planeta. Hoy sembramos \u00e1rboles, pero tambi\u00e9n sembramos conciencia ambiental y sentido de comunidad.\u201d<\/strong><\/p>\n<p><strong>La Alcald\u00eda de Panam\u00e1, continuar\u00e1 impulsando estas jornadas en distintos corregimientos, como parte de su pol\u00edtica de sostenibilidad y participaci\u00f3n ciudadana activa.<\/strong><\/p>\n","protected":false},"excerpt":{"rendered":"<p>Mil nuevos \u00e1rboles fueron sembrados recientemente en Panam\u00e1 Norte, durante <a href=\"https:\/\/sertv.gob.pa\/nacionalfm\/alcaldia-de-panama-en-jornada-de-reforestacion-siembra-1000-plantones-en-via-panama-norte\/\"> [&#8230;]<\/a><\/p>\n","protected":false},"author":9,"featured_media":110094,"comment_status":"closed","ping_status":"closed","sticky":false,"template":"","format":"standard","meta":{"footnotes":""},"categories":[2],"tags":[],"class_list":["post-110093","post","type-post","status-publish","format-standard","has-post-thumbnail","hentry","category-nacionales"],"_links":{"self":[{"href":"https:\/\/sertv.gob.pa\/nacionalfm\/wp-json\/wp\/v2\/posts\/110093","targetHints":{"allow":["GET"]}}],"collection":[{"href":"https:\/\/sertv.gob.pa\/nacionalfm\/wp-json\/wp\/v2\/posts"}],"about":[{"href":"https:\/\/sertv.gob.pa\/nacionalfm\/wp-json\/wp\/v2\/types\/post"}],"author":[{"embeddable":true,"href":"https:\/\/sertv.gob.pa\/nacionalfm\/wp-json\/wp\/v2\/users\/9"}],"replies":[{"embeddable":true,"href":"https:\/\/sertv.gob.pa\/nacionalfm\/wp-json\/wp\/v2\/comments?post=110093"}],"version-history":[{"count":2,"href":"https:\/\/sertv.gob.pa\/nacionalfm\/wp-json\/wp\/v2\/posts\/110093\/revisions"}],"predecessor-version":[{"id":110096,"href":"https:\/\/sertv.gob.pa\/nacionalfm\/wp-json\/wp\/v2\/posts\/110093\/revisions\/110096"}],"wp:featuredmedia":[{"embeddable":true,"href":"https:\/\/sertv.gob.pa\/nacionalfm\/wp-json\/wp\/v2\/media\/110094"}],"wp:attachment":[{"href":"https:\/\/sertv.gob.pa\/nacionalfm\/wp-json\/wp\/v2\/media?parent=110093"}],"wp:term":[{"taxonomy":"category","embeddable":true,"href":"https:\/\/sertv.gob.pa\/nacionalfm\/wp-json\/wp\/v2\/categories?post=110093"},{"taxonomy":"post_tag","embeddable":true,"href":"https:\/\/sertv.gob.pa\/nacionalfm\/wp-json\/wp\/v2\/tags?post=110093"}],"curies":[{"name":"wp","href":"https:\/\/api.w.org\/{rel}","templated":true}]}}