{"id":11010,"date":"2016-03-02T13:19:42","date_gmt":"2016-03-02T13:19:42","guid":{"rendered":""},"modified":"2016-03-02T13:19:42","modified_gmt":"2016-03-02T13:19:42","slug":"gobierno-panameno-celebra-los-70-anos-de-la-constitucion-politica-de-1946","status":"publish","type":"post","link":"https:\/\/sertv.gob.pa\/nacionalfm\/gobierno-panameno-celebra-los-70-anos-de-la-constitucion-politica-de-1946\/","title":{"rendered":"Gobierno paname\u00f1o rememora 70 a\u00f1os de la Constituci\u00f3n Pol\u00edtica de 1946"},"content":{"rendered":"<p>\nEl Gobierno de la Rep\u00fablica de Panam\u00e1 conmemor\u00f3\u00a0 con un acto los 70 a\u00f1os de la Constituci\u00f3n Pol\u00edtica de 1946, la tercera del pa\u00eds como Estado democr\u00e1tico y que entr\u00f3 a regir un 1 de marzo de ese a\u00f1o. <\/p>\n<p>El ministro de la Presidencia, \u00c1lvaro Alem\u00e1n quien dio las palabras de bienvenida a los concurrentes a este acto, se refiri\u00f3 a los inicios de la Rep\u00fablica en 1904 y la importancia que tuvo desde sus inicios el Canal de Panam\u00e1 en la vida econ\u00f3mica nacional, elementos que fueron necesarios incluirlos en la Carta Magna. <\/p>\n<p>Manifest\u00f3 que la Constituci\u00f3n de 1946 fue el producto de mentes brillantes que lograron incorporar competencias nuevas al Estado y que, en virtud de la vertiente social del constitucionalismo, inici\u00f3 la modernizaci\u00f3n de nuestro Derecho Constitucional que incorpor\u00f3 los derechos ciudadanos al nuevo texto constitucional. <\/p>\n<p>&ldquo;Es de destacar que esta Constituci\u00f3n procur\u00f3 cambios importantes en la estructura del Estado y logr\u00f3 mejorar la naturaleza democr\u00e1tica del Estado paname\u00f1o&rdquo;, revel\u00f3 Alem\u00e1n. <\/p>\n<p>La historia indica que los doctores Ricardo J. Alfaro, Eduardo Chiari y Jos\u00e9 Dolores \u00a0Moscote, fueron los ilustres que elaboraron los textos de esta Constituci\u00f3n, que \u00a0fue aprobada por la segunda Asamblea Constituyente, presidida por Rosendo Jurado, y sancionada el 1 de marzo por el entonces presidente de la Rep\u00fablica, Enrique A. Jim\u00e9nez. <\/p>\n<p>Esta fue un documento que respond\u00eda a las necesidades de la naci\u00f3n paname\u00f1a de esa \u00e9poca: consagr\u00f3 importantes disposiciones sobre derechos y deberes individuales y sociales como protecci\u00f3n a la familia, al trabajo, la salud p\u00fablica, la educaci\u00f3n, las colectividades campesinas e ind\u00edgenas; determin\u00f3 la estructura jur\u00eddica de nuestro Estado; legaliz\u00f3 la igualdad masculina y femenina al establecer la ciudadan\u00eda a los 21 a\u00f1os, sin distinci\u00f3n de sexo; entre otras. <\/p>\n<p>Estos elementos fueron expuestos por la catedr\u00e1tica Anayansi Turner, una de las invitadas al evento, quien alcanz\u00f3 hacer un repaso por la historia del Derecho Constitucional paname\u00f1o en una magistral conferencia. <\/p>\n<p>Junto a Turner estuvo el procurador de la Administraci\u00f3n, Rigoberto Gonz\u00e1lez, considerado uno de las mentes versadas de la academia jur\u00eddica nacional, y quien hizo una sinopsis del Derecho Constitucional, enfocado en aquellas garant\u00edas individuales y sociales, pero que con el tiempo fueron mejoradas. <\/p>\n<p>Cabe resaltar, que el acto fue propicio para que se firmara un convenio de colaboraci\u00f3n entre la Asamblea Nacional y el Ministerio de la Presidencia para la capacitaci\u00f3n de funcionarios, intercambio de Gacetas Oficiales y de informaci\u00f3n. <\/p>\n<p>\u00a0 <\/p>\n","protected":false},"excerpt":{"rendered":"<p>El Gobierno de la Rep\u00fablica de Panam\u00e1 conmemor\u00f3\u00a0 con un <a href=\"https:\/\/sertv.gob.pa\/nacionalfm\/gobierno-panameno-celebra-los-70-anos-de-la-constitucion-politica-de-1946\/\"> [&#8230;]<\/a><\/p>\n","protected":false},"author":1,"featured_media":11011,"comment_status":"closed","ping_status":"closed","sticky":false,"template":"","format":"standard","meta":{"footnotes":""},"categories":[2],"tags":[],"class_list":["post-11010","post","type-post","status-publish","format-standard","has-post-thumbnail","hentry","category-nacionales"],"_links":{"self":[{"href":"https:\/\/sertv.gob.pa\/nacionalfm\/wp-json\/wp\/v2\/posts\/11010","targetHints":{"allow":["GET"]}}],"collection":[{"href":"https:\/\/sertv.gob.pa\/nacionalfm\/wp-json\/wp\/v2\/posts"}],"about":[{"href":"https:\/\/sertv.gob.pa\/nacionalfm\/wp-json\/wp\/v2\/types\/post"}],"author":[{"embeddable":true,"href":"https:\/\/sertv.gob.pa\/nacionalfm\/wp-json\/wp\/v2\/users\/1"}],"replies":[{"embeddable":true,"href":"https:\/\/sertv.gob.pa\/nacionalfm\/wp-json\/wp\/v2\/comments?post=11010"}],"version-history":[{"count":0,"href":"https:\/\/sertv.gob.pa\/nacionalfm\/wp-json\/wp\/v2\/posts\/11010\/revisions"}],"wp:featuredmedia":[{"embeddable":true,"href":"https:\/\/sertv.gob.pa\/nacionalfm\/wp-json\/wp\/v2\/media\/11011"}],"wp:attachment":[{"href":"https:\/\/sertv.gob.pa\/nacionalfm\/wp-json\/wp\/v2\/media?parent=11010"}],"wp:term":[{"taxonomy":"category","embeddable":true,"href":"https:\/\/sertv.gob.pa\/nacionalfm\/wp-json\/wp\/v2\/categories?post=11010"},{"taxonomy":"post_tag","embeddable":true,"href":"https:\/\/sertv.gob.pa\/nacionalfm\/wp-json\/wp\/v2\/tags?post=11010"}],"curies":[{"name":"wp","href":"https:\/\/api.w.org\/{rel}","templated":true}]}}