{"id":110113,"date":"2025-07-17T08:18:47","date_gmt":"2025-07-17T13:18:47","guid":{"rendered":"https:\/\/sertv.gob.pa\/nacionalfm\/?p=110113"},"modified":"2025-07-17T08:18:47","modified_gmt":"2025-07-17T13:18:47","slug":"presidente-jose-raul-mulino-lanza-el-primer-mapa-logistico-de-panama-y-anuncia-la-expansion-de-la-zona-libre-de-colon","status":"publish","type":"post","link":"https:\/\/sertv.gob.pa\/nacionalfm\/presidente-jose-raul-mulino-lanza-el-primer-mapa-logistico-de-panama-y-anuncia-la-expansion-de-la-zona-libre-de-colon\/","title":{"rendered":"Presidente Jos\u00e9 Ra\u00fal Mulino, lanza el primer Mapa Log\u00edstico de Panam\u00e1 y anuncia la expansi\u00f3n de la Zona Libre de Col\u00f3n"},"content":{"rendered":"<div class=\"fusion-fullwidth fullwidth-box fusion-builder-row-1 fusion-flex-container has-pattern-background has-mask-background nonhundred-percent-fullwidth non-hundred-percent-height-scrolling\" style=\"--awb-border-radius-top-left:0px;--awb-border-radius-top-right:0px;--awb-border-radius-bottom-right:0px;--awb-border-radius-bottom-left:0px;--awb-flex-wrap:wrap;\" ><div class=\"fusion-builder-row fusion-row fusion-flex-align-items-flex-start fusion-flex-content-wrap\" style=\"max-width:1144px;margin-left: calc(-4% \/ 2 );margin-right: calc(-4% \/ 2 );\"><div class=\"fusion-layout-column fusion_builder_column fusion-builder-column-0 fusion_builder_column_1_1 1_1 fusion-flex-column\" style=\"--awb-bg-size:cover;--awb-width-large:100%;--awb-margin-top-large:0px;--awb-spacing-right-large:1.92%;--awb-margin-bottom-large:20px;--awb-spacing-left-large:1.92%;--awb-width-medium:100%;--awb-order-medium:0;--awb-spacing-right-medium:1.92%;--awb-spacing-left-medium:1.92%;--awb-width-small:100%;--awb-order-small:0;--awb-spacing-right-small:1.92%;--awb-spacing-left-small:1.92%;\"><div class=\"fusion-column-wrapper fusion-column-has-shadow fusion-flex-justify-content-flex-start fusion-content-layout-column\"><div class=\"fusion-text fusion-text-1\" style=\"--awb-content-alignment:justify;\"><ul>\n<li><strong>Tercera sesi\u00f3n del Gabinete Log\u00edstico<\/strong><\/li>\n<li><strong>R\u00e9cord: 241 nuevas empresas se han instalado en la ZLC en lo que va del a\u00f1o de gobierno de Mulino. En octubre, arranca el plan de expansi\u00f3n en 250 hect\u00e1reas recuperadas.<\/strong><\/li>\n<\/ul>\n<p><em><strong>El presidente de la Rep\u00fablica de Panam\u00e1, Jos\u00e9 Ra\u00fal Mulino, encabez\u00f3 el Gabinete Log\u00edstico que se desarroll\u00f3 este mi\u00e9rcoles, en la ciudad de Col\u00f3n, con miras a potenciar a corto plazo las capacidades de Panam\u00e1, a fin de facilitar el comercio mundial, y tambi\u00e9n catapultar la generaci\u00f3n de empleo en este sector, que incluye a los puertos, aeropuertos, el ferrocarril, la Zona Libre de Col\u00f3n (ZLC) y otras operaciones.<\/strong><\/em><\/p>\n<p><strong>Mulino, expres\u00f3 que, el prop\u00f3sito del Gabinete Log\u00edstico, es impulsar un mayor crecimiento para esta provincia y el pa\u00eds. \u201cCol\u00f3n est\u00e1 llamado a ser una base importante de la actividad log\u00edstica del pa\u00eds. Aqu\u00ed est\u00e1 nuestro m\u00fasculo frente al mundo, frente a todo. A Col\u00f3n hay que ir llev\u00e1ndolo poco a poco; tratar de llevar el progreso a la ciudad\u201d, manifest\u00f3.<\/strong><\/p>\n<p><strong>Uno de los objetivos, precis\u00f3 el gobernante, es lograr que los empresarios establecidos en la ZLC, se sientan seguros de invertir fuera de la muralla de la ciudad. \u201cQueremos que la empresa privada se comprometa y empiece a trabajar aqu\u00ed lo antes posible\u201d, enfatiz\u00f3.<\/strong><\/p>\n<p><strong>El mandatario paname\u00f1o, indic\u00f3 que, el camino para la ZLC se ha despejado con la salida de Panam\u00e1 de la lista discriminatoria de la Uni\u00f3n Europea de pa\u00edses no cooperadores en la lucha contra el blanqueo de capitales y destac\u00f3 la importancia de generar nuevos empleos para los colonenses.<\/strong><\/p>\n<p><strong>\u201cEs importante lograr que toda empresa que se abra aqu\u00ed, contrate mano de obra colonense. El colonense, ha demostrado que puede. Me resisto a pensar que el buen recurso humano se fue de Col\u00f3n, hay que darle la oportunidad a la juventud\u201d, destac\u00f3 el presidente.<\/strong><\/p>\n<p><strong>Por otra parte, el ministro de la Presidencia, Juan Carlos Orillac, resalt\u00f3 que, la participaci\u00f3n del mandatario en el Gabinete Log\u00edstico, demuestra el compromiso del gobierno al m\u00e1s alto nivel para potenciar el \u201chub\u201d log\u00edstico de Panam\u00e1.<\/strong><\/p>\n<p><strong>\u201cLa decisi\u00f3n de reunirnos aqu\u00ed no es casual. Responde al firme compromiso del Gobierno Nacional, para promover la recuperaci\u00f3n econ\u00f3mica con acciones concretas que impacten de forma positiva al pa\u00eds y a la provincia de Col\u00f3n, que ha estado tirada en el olvido por muchos a\u00f1os\u201d, subray\u00f3 el ministro Orillac.<\/strong><\/p>\n<p><strong>Durante esta reuni\u00f3n, igualmente, la Contralor\u00eda General de la Rep\u00fablica, a trav\u00e9s del Instituto Nacional de Estad\u00edstica y Censo (INEC), hizo el lanzamiento oficial de la herramienta \u201cPanam\u00e1 Log\u00edstico\u201d, un mapa interactivo y din\u00e1mico que consolida informaci\u00f3n del sector log\u00edstico.<\/strong><\/p>\n<p><strong>Esta herramienta anal\u00edtica, que fue presentada por el contralor, Anel Flores, facilitar\u00e1 la identificaci\u00f3n, caracterizaci\u00f3n y evaluaci\u00f3n de infraestructuras claves (puertos, zonas francas, aeropuertos y redes ferroviarias y viales), con el prop\u00f3sito de optimizar la planificaci\u00f3n estrat\u00e9gica del sistema log\u00edstico nacional, orientada a la eficiencia, la modernizaci\u00f3n y la sostenibilidad.<\/strong><\/p>\n<p><strong>El mapa log\u00edstico es una herramienta preliminar y se encuentra en mejora continua. El INEC, tiene el canal de comunicaci\u00f3n abierto para recibir comentarios y mejorarlo.<\/strong><\/p>\n<p><strong>En tanto, la ZLC, se sum\u00f3 a la agenda estrat\u00e9gica del gobierno como actor clave del \u201chub\u201d log\u00edstico de Panam\u00e1 con un importante plan de expansi\u00f3n de sus operaciones.<\/strong><\/p>\n<p><strong>La ZLC, bajo la gerencia de Luisa Napolitano, dio a conocer, durante este Gabinete Log\u00edstico, que ha emprendido la tarea de convertirse en un generador de empleo, principalmente para el colonense, a trav\u00e9s de la reactivaci\u00f3n y ampliaci\u00f3n de esta actividad.<\/strong><\/p>\n<p><strong>Durante el primer a\u00f1o de su gesti\u00f3n en el gobierno del presidente Mulino, explic\u00f3 Napolitano, 241 nuevas empresas se han instalado en la ZLC, lo que representa un r\u00e9cord hist\u00f3rico de 77 a\u00f1os.<\/strong><\/p>\n<p><strong>Agreg\u00f3 que, se han recuperado 250 hect\u00e1reas de terrenos cerca del aeropuerto de Col\u00f3n, valoradas en B\/.500 millones, que permitir\u00e1n la expansi\u00f3n de la zona franca que se denominar\u00e1 New Field. All\u00ed, se instalar\u00e1n empresas de nueva generaci\u00f3n en el \u00e1rea industrial, ensamblaje, \u201cdata centers\u201d, entre otras actividades.<\/strong><\/p>\n<p><strong>Napolitano, inform\u00f3 que, esto dotar\u00e1 de mayor capacidad y espacios para las nuevas empresas, pues las instalaciones actuales ya est\u00e1n ocupadas por esta nueva fase de reactivaci\u00f3n que se ha logrado.<\/strong><\/p>\n<p><strong>Solo en la fase de construcci\u00f3n de New Field, que arranca en octubre pr\u00f3ximo, se generar\u00e1n 2,625 empleos, y en la fase de operaci\u00f3n, se crear\u00edan 2,100 empleos permanentes. Para esta fase, Napolitano, se\u00f1al\u00f3 que, tambi\u00e9n hay una estrategia para capacitar la mano de obra colonense que van a demandar estas empresas.<\/strong><\/p>\n<p><strong>La reactivaci\u00f3n de la ZLC, se lograr\u00e1 a trav\u00e9s de cuatro pilares ya identificados y bajo ejecuci\u00f3n. El primero, es la expansi\u00f3n de la ZLC a trav\u00e9s de la recuperaci\u00f3n de terrenos (250 hect\u00e1reas) y la construcci\u00f3n del campo log\u00edstico.<\/strong><\/p>\n<p><strong>El segundo pilar, es el redise\u00f1o de los nuevos contratos de concesiones. Se definir\u00e1n plazos m\u00e1ximos para el desarrollo de las concesiones.<\/strong><\/p>\n<p><strong>El tercer pilar de la estrategia, es la ejecuci\u00f3n de acuerdos de capacitaci\u00f3n al colonense para facilitar su contrataci\u00f3n. Ello incluye alianzas con el Ministerio de Trabajo y Desarrollo Laboral (MITRADEL) para mejorar la empleabilidad en Col\u00f3n mediante la implementaci\u00f3n y uso de plataformas digitales para intermediaci\u00f3n laboral, capacitaci\u00f3n y orientaci\u00f3n vocacional.<\/strong><\/p>\n<p><strong>Tambi\u00e9n un acuerdo con el Instituto T\u00e9cnico Superior Especializado (ITSE), para fomentar la cooperaci\u00f3n y el desarrollo de proyectos educativos enfocados en la formaci\u00f3n t\u00e9cnica, la investigaci\u00f3n y la innovaci\u00f3n.<\/strong><\/p>\n<p><strong>El cuarto pilar, es el establecimiento de la Ventanilla \u00danica de Tr\u00e1mites, que se puso en operaci\u00f3n el pasado martes y permitir\u00e1 agilizar el proceso de aprobaci\u00f3n de documentaci\u00f3n, planos y los tr\u00e1mites necesarios para la gesti\u00f3n de bodegas, permisos e instalaciones dentro de la ZLC.<\/strong><\/p>\n<p><strong>A octubre de 2024, la poblaci\u00f3n de la provincia de Col\u00f3n era de 225,274 personas, y la poblaci\u00f3n econ\u00f3micamente activa, de 135,220. Esto representa una tasa de desempleo del 10% (13,968 personas).<\/strong><\/p>\n<p><strong>En tanto, el empleo generado por la actividad de la ZLC es de 14 mil empleados, de los cuales 10 mil (+70%) son colonenses. Los permisos temporales en esta actividad pueden ascender a m\u00e1s de 6 mil personas.<\/strong><\/p>\n<p><strong>Con este plan de reactivaci\u00f3n en la ZLC, el n\u00famero de empleos dentro de este recinto especial puede duplicarse.<\/strong><\/p>\n<p><strong>El Gabinete Log\u00edstico, lo integran los ministros Juan Carlos Orillac (Presidencia), Felipe Chapman (Econom\u00eda y Finanzas), Jos\u00e9 Luis Andrade (Obras P\u00fablicas), Julio Molt\u00f3 (Comercio e Industrias); el secretario del Ferrocarril, Henry Faarup; la gerente general de la ZLC, Luisa Napolitano; el administrador de la Autoridad Mar\u00edtima de Panam\u00e1, Luis Roquebert; el contralor general de la Rep\u00fablica, Anel Flores; el secretario de SENACYT, Eduardo Ortega; el representante de la industria log\u00edstica, Alberto Alem\u00e1n Zubieta; el gerente de Tocumen, S.A., Jos\u00e9 Ruiz; el administrador de la AIG, Adolfo F\u00e1brega; el director de Georgia Tech Panam\u00e1, Jorge Barnett; el director de la ATTT, Sim\u00f3n Henr\u00edquez; la directora de Aduanas, Soraya Valdivieso, y la secretaria de Asuntos Econ\u00f3micos y Competitividad de la Presidencia, Kristelle Getzler.<\/strong><\/p>\n<\/div><\/div><\/div><\/div><\/div>\n","protected":false},"excerpt":{"rendered":"","protected":false},"author":9,"featured_media":110114,"comment_status":"closed","ping_status":"closed","sticky":false,"template":"","format":"standard","meta":{"footnotes":""},"categories":[2],"tags":[],"class_list":["post-110113","post","type-post","status-publish","format-standard","has-post-thumbnail","hentry","category-nacionales"],"_links":{"self":[{"href":"https:\/\/sertv.gob.pa\/nacionalfm\/wp-json\/wp\/v2\/posts\/110113","targetHints":{"allow":["GET"]}}],"collection":[{"href":"https:\/\/sertv.gob.pa\/nacionalfm\/wp-json\/wp\/v2\/posts"}],"about":[{"href":"https:\/\/sertv.gob.pa\/nacionalfm\/wp-json\/wp\/v2\/types\/post"}],"author":[{"embeddable":true,"href":"https:\/\/sertv.gob.pa\/nacionalfm\/wp-json\/wp\/v2\/users\/9"}],"replies":[{"embeddable":true,"href":"https:\/\/sertv.gob.pa\/nacionalfm\/wp-json\/wp\/v2\/comments?post=110113"}],"version-history":[{"count":2,"href":"https:\/\/sertv.gob.pa\/nacionalfm\/wp-json\/wp\/v2\/posts\/110113\/revisions"}],"predecessor-version":[{"id":110116,"href":"https:\/\/sertv.gob.pa\/nacionalfm\/wp-json\/wp\/v2\/posts\/110113\/revisions\/110116"}],"wp:featuredmedia":[{"embeddable":true,"href":"https:\/\/sertv.gob.pa\/nacionalfm\/wp-json\/wp\/v2\/media\/110114"}],"wp:attachment":[{"href":"https:\/\/sertv.gob.pa\/nacionalfm\/wp-json\/wp\/v2\/media?parent=110113"}],"wp:term":[{"taxonomy":"category","embeddable":true,"href":"https:\/\/sertv.gob.pa\/nacionalfm\/wp-json\/wp\/v2\/categories?post=110113"},{"taxonomy":"post_tag","embeddable":true,"href":"https:\/\/sertv.gob.pa\/nacionalfm\/wp-json\/wp\/v2\/tags?post=110113"}],"curies":[{"name":"wp","href":"https:\/\/api.w.org\/{rel}","templated":true}]}}