{"id":110127,"date":"2025-07-17T10:19:22","date_gmt":"2025-07-17T15:19:22","guid":{"rendered":"https:\/\/sertv.gob.pa\/nacionalfm\/?p=110127"},"modified":"2025-07-17T10:19:22","modified_gmt":"2025-07-17T15:19:22","slug":"mitradel-sigue-labor-de-instruccion-a-comerciantes-para-identificar-prevenir-y-erradicar-el-trabajo-infantil-en-chiriqui-veraguas-y-darien","status":"publish","type":"post","link":"https:\/\/sertv.gob.pa\/nacionalfm\/mitradel-sigue-labor-de-instruccion-a-comerciantes-para-identificar-prevenir-y-erradicar-el-trabajo-infantil-en-chiriqui-veraguas-y-darien\/","title":{"rendered":"MITRADEL sigue labor de instrucci\u00f3n a comerciantes para identificar, prevenir y erradicar el trabajo infantil en Chiriqu\u00ed, Veraguas y Dari\u00e9n"},"content":{"rendered":"<p><em><strong>\u2022 Funcionarios de MITRADEL, en coordinaci\u00f3n con instituciones aliadas en la lucha contra el trabajo infantil, realizaron un recorrido en comercios de Bugaba, Santiago y en los puertos de Yaviza y Quimba, para verificar el cumplimiento de las normativas que regulan el trabajo en menores de edad y la protecci\u00f3n de los derechos de los ni\u00f1os, ni\u00f1as y adolescentes.<\/strong><\/em><\/p>\n<p><strong>Con paso firme en la lucha por erradicar el trabajo infantil y proteger los derechos de los ni\u00f1os, ni\u00f1as y adolescentes en Panam\u00e1, funcionarios de la Direcci\u00f3n contra el Trabajo Infantil y Protecci\u00f3n del Adolescente Trabajador (DIRETIPAT), en coordinaci\u00f3n con inspectores de la direcci\u00f3n regional del MITRADEL en Chiriqu\u00ed, el Ministerio de Salud, la Secretar\u00eda Nacional de Ni\u00f1ez, Adolescencia y Familia y la Polic\u00eda Nacional, llevaron a cabo un recorrido de atenci\u00f3n con miras a identificar, prevenir y sensibilizar a comerciantes del distrito de La Concepci\u00f3n, en Bugaba, Chiriqu\u00ed.<\/strong><\/p>\n<p><strong>Durante esta inspecci\u00f3n, se visitaron 10 comercios entre ellos, supermercados, almacenes, panader\u00edas, en los cuales no se encontraron menores trabajando, por lo que los servidores p\u00fablicos sensibilizaron a los comerciantes sobre las leyes establecidas en el C\u00f3digo de Trabajo y los Convenios Internacionales para garantizar el respeto de los derechos de los ni\u00f1os, ni\u00f1as y adolescentes en el pa\u00eds.<\/strong><\/p>\n<p><strong>En relaci\u00f3n con esto, en la provincia de Veraguas, inspectores visitaron minis\u00faper y lava autos en el distrito de Santiago, en Veraguas, a fin de constatar que menores no se encuentren en condici\u00f3n de trabajo infantil peligroso. Durante el recorrido, no se detect\u00f3 la presencia de menores en los sitios.<\/strong><\/p>\n<p><strong>De igual manera, trabajadoras sociales del MITRADEL, en Dari\u00e9n, efectuaron una visita de supervisi\u00f3n interinstitucional en los puertos de Yaviza y Quimba. Durante el recorrido, no se detect\u00f3 la presencia de menores de edad, en cumplimiento de las acciones preventivas contra el trabajo infantil en estas zonas.<\/strong><\/p>\n<p><strong>Estas acciones interinstitucionales, se desarrollan con la intenci\u00f3n de que los responsables de estos comercios, conozcan las condiciones en las que, en dado caso, un adolescente debe ser contratado, conozcan bajo qu\u00e9 criterios se puede formalizar la contrataci\u00f3n, siempre respetando las normativas establecidas.<\/strong><\/p>\n<p><strong>El Gobierno Nacional, liderado por el presidente de Panam\u00e1, Jos\u00e9 Ra\u00fal Mulino Quintero y la ministra de Trabaj<\/strong>o, Jackeline Mu\u00f1oz de Cede\u00f1o, mantiene su firme compromiso con la ni\u00f1ez paname\u00f1a, intensificando las jornadas de sensibilizaci\u00f3n y orientaci\u00f3n para prevenir y erradicar el trabajo infantil.<\/p>\n<p>&nbsp;<\/p>\n","protected":false},"excerpt":{"rendered":"<p>\u2022 Funcionarios de MITRADEL, en coordinaci\u00f3n con instituciones aliadas en <a href=\"https:\/\/sertv.gob.pa\/nacionalfm\/mitradel-sigue-labor-de-instruccion-a-comerciantes-para-identificar-prevenir-y-erradicar-el-trabajo-infantil-en-chiriqui-veraguas-y-darien\/\"> [&#8230;]<\/a><\/p>\n","protected":false},"author":9,"featured_media":110128,"comment_status":"closed","ping_status":"closed","sticky":false,"template":"","format":"standard","meta":{"footnotes":""},"categories":[2],"tags":[],"class_list":["post-110127","post","type-post","status-publish","format-standard","has-post-thumbnail","hentry","category-nacionales"],"_links":{"self":[{"href":"https:\/\/sertv.gob.pa\/nacionalfm\/wp-json\/wp\/v2\/posts\/110127","targetHints":{"allow":["GET"]}}],"collection":[{"href":"https:\/\/sertv.gob.pa\/nacionalfm\/wp-json\/wp\/v2\/posts"}],"about":[{"href":"https:\/\/sertv.gob.pa\/nacionalfm\/wp-json\/wp\/v2\/types\/post"}],"author":[{"embeddable":true,"href":"https:\/\/sertv.gob.pa\/nacionalfm\/wp-json\/wp\/v2\/users\/9"}],"replies":[{"embeddable":true,"href":"https:\/\/sertv.gob.pa\/nacionalfm\/wp-json\/wp\/v2\/comments?post=110127"}],"version-history":[{"count":2,"href":"https:\/\/sertv.gob.pa\/nacionalfm\/wp-json\/wp\/v2\/posts\/110127\/revisions"}],"predecessor-version":[{"id":110130,"href":"https:\/\/sertv.gob.pa\/nacionalfm\/wp-json\/wp\/v2\/posts\/110127\/revisions\/110130"}],"wp:featuredmedia":[{"embeddable":true,"href":"https:\/\/sertv.gob.pa\/nacionalfm\/wp-json\/wp\/v2\/media\/110128"}],"wp:attachment":[{"href":"https:\/\/sertv.gob.pa\/nacionalfm\/wp-json\/wp\/v2\/media?parent=110127"}],"wp:term":[{"taxonomy":"category","embeddable":true,"href":"https:\/\/sertv.gob.pa\/nacionalfm\/wp-json\/wp\/v2\/categories?post=110127"},{"taxonomy":"post_tag","embeddable":true,"href":"https:\/\/sertv.gob.pa\/nacionalfm\/wp-json\/wp\/v2\/tags?post=110127"}],"curies":[{"name":"wp","href":"https:\/\/api.w.org\/{rel}","templated":true}]}}