{"id":110131,"date":"2025-07-17T10:52:35","date_gmt":"2025-07-17T15:52:35","guid":{"rendered":"https:\/\/sertv.gob.pa\/nacionalfm\/?p=110131"},"modified":"2025-07-17T10:52:35","modified_gmt":"2025-07-17T15:52:35","slug":"panama-registra-su-cifra-mas-alta-en-exportaciones-de-servicios-para-un-primer-trimestre-en-mas-de-una-decada","status":"publish","type":"post","link":"https:\/\/sertv.gob.pa\/nacionalfm\/panama-registra-su-cifra-mas-alta-en-exportaciones-de-servicios-para-un-primer-trimestre-en-mas-de-una-decada\/","title":{"rendered":"Panam\u00e1 registra su cifra m\u00e1s alta en exportaciones de servicios para un primer trimestre en m\u00e1s de una d\u00e9cada"},"content":{"rendered":"<p><em><strong>Panam\u00e1 alcanz\u00f3 un nuevo hito en su desempe\u00f1o econ\u00f3mico al registrar B\/. 4,979.6 millones en exportaciones de servicios durante el primer trimestre de 2025, la cifra m\u00e1s alta para este periodo desde 2013. Este monto representa un incremento del 10.2% con respecto al mismo trimestre del a\u00f1o anterior, seg\u00fan las estad\u00edsticas m\u00e1s recientes del Instituto Nacional de Estad\u00edstica y Censo (INEC), elaboradas en coordinaci\u00f3n con el Ministerio de Comercio e Industrias de Panam\u00e1 (MICI) y disponibles en la plataforma Intelcom.<\/strong><\/em><\/p>\n<p><strong>Estas cifras representan la informaci\u00f3n oficial m\u00e1s actualizada disponible sobre el comportamiento del sector de servicios en el comercio exterior del pa\u00eds, validadas por el INEC.<\/strong><\/p>\n<p><strong>El sector transporte, fue el principal impulsor de este desempe\u00f1o, con ingresos por B\/. 2,551.6 millones, dinamizados por el Canal de Panam\u00e1, el hub log\u00edstico y los puertos, pilares estrat\u00e9gicos que consolidan a Panam\u00e1 como centro neur\u00e1lgico del comercio global. Los servicios de viajes, con B\/. 1,709.4 millones, mostraron un repunte constante impulsado por la recuperaci\u00f3n del turismo internacional.<\/strong><\/p>\n<p><strong>Este crecimiento sostenido se atribuye a una pol\u00edtica econ\u00f3mica orientada a la diversificaci\u00f3n y modernizaci\u00f3n de la oferta exportable, que se apoya en reg\u00edmenes especiales como: las Sedes de Empresas Multinacionales (SEM), los Servicios de Manufactura (EMMA) y las Zonas Francas. Estos mecanismos han facilitado la atracci\u00f3n de inversi\u00f3n extranjera y el desarrollo de servicios de alto valor agregado, tales como: finanzas, telecomunicaciones, consultor\u00eda empresarial y producci\u00f3n audiovisual, sectores que hoy representan un motor clave para la generaci\u00f3n de empleo y el crecimiento sostenible.<\/strong><\/p>\n<p><strong>Panam\u00e1 se consolida as\u00ed como el mayor exportador de servicios en Centroam\u00e9rica y el tercero en Am\u00e9rica Latina, posicion\u00e1ndose como un actor estrat\u00e9gico dentro del comercio regional y global, con una plataforma robusta que sigue creciendo y diversific\u00e1ndose.<\/strong><\/p>\n","protected":false},"excerpt":{"rendered":"<p>Panam\u00e1 alcanz\u00f3 un nuevo hito en su desempe\u00f1o econ\u00f3mico al <a href=\"https:\/\/sertv.gob.pa\/nacionalfm\/panama-registra-su-cifra-mas-alta-en-exportaciones-de-servicios-para-un-primer-trimestre-en-mas-de-una-decada\/\"> [&#8230;]<\/a><\/p>\n","protected":false},"author":9,"featured_media":110133,"comment_status":"closed","ping_status":"closed","sticky":false,"template":"","format":"standard","meta":{"footnotes":""},"categories":[2],"tags":[],"class_list":["post-110131","post","type-post","status-publish","format-standard","has-post-thumbnail","hentry","category-nacionales"],"_links":{"self":[{"href":"https:\/\/sertv.gob.pa\/nacionalfm\/wp-json\/wp\/v2\/posts\/110131","targetHints":{"allow":["GET"]}}],"collection":[{"href":"https:\/\/sertv.gob.pa\/nacionalfm\/wp-json\/wp\/v2\/posts"}],"about":[{"href":"https:\/\/sertv.gob.pa\/nacionalfm\/wp-json\/wp\/v2\/types\/post"}],"author":[{"embeddable":true,"href":"https:\/\/sertv.gob.pa\/nacionalfm\/wp-json\/wp\/v2\/users\/9"}],"replies":[{"embeddable":true,"href":"https:\/\/sertv.gob.pa\/nacionalfm\/wp-json\/wp\/v2\/comments?post=110131"}],"version-history":[{"count":1,"href":"https:\/\/sertv.gob.pa\/nacionalfm\/wp-json\/wp\/v2\/posts\/110131\/revisions"}],"predecessor-version":[{"id":110134,"href":"https:\/\/sertv.gob.pa\/nacionalfm\/wp-json\/wp\/v2\/posts\/110131\/revisions\/110134"}],"wp:featuredmedia":[{"embeddable":true,"href":"https:\/\/sertv.gob.pa\/nacionalfm\/wp-json\/wp\/v2\/media\/110133"}],"wp:attachment":[{"href":"https:\/\/sertv.gob.pa\/nacionalfm\/wp-json\/wp\/v2\/media?parent=110131"}],"wp:term":[{"taxonomy":"category","embeddable":true,"href":"https:\/\/sertv.gob.pa\/nacionalfm\/wp-json\/wp\/v2\/categories?post=110131"},{"taxonomy":"post_tag","embeddable":true,"href":"https:\/\/sertv.gob.pa\/nacionalfm\/wp-json\/wp\/v2\/tags?post=110131"}],"curies":[{"name":"wp","href":"https:\/\/api.w.org\/{rel}","templated":true}]}}