{"id":110135,"date":"2025-07-17T11:18:30","date_gmt":"2025-07-17T16:18:30","guid":{"rendered":"https:\/\/sertv.gob.pa\/nacionalfm\/?p=110135"},"modified":"2025-07-17T11:18:30","modified_gmt":"2025-07-17T16:18:30","slug":"canciller-de-panama-javier-martinez-acha-promueve-inversiones-y-financiamiento-internacional-en-visita-oficial-a-austria","status":"publish","type":"post","link":"https:\/\/sertv.gob.pa\/nacionalfm\/canciller-de-panama-javier-martinez-acha-promueve-inversiones-y-financiamiento-internacional-en-visita-oficial-a-austria\/","title":{"rendered":"Canciller de Panam\u00e1, Javier Mart\u00ednez-Acha promueve inversiones y financiamiento internacional en visita oficial a Austria"},"content":{"rendered":"<div class=\"fusion-fullwidth fullwidth-box fusion-builder-row-1 fusion-flex-container has-pattern-background has-mask-background nonhundred-percent-fullwidth non-hundred-percent-height-scrolling\" style=\"--awb-border-radius-top-left:0px;--awb-border-radius-top-right:0px;--awb-border-radius-bottom-right:0px;--awb-border-radius-bottom-left:0px;--awb-flex-wrap:wrap;\" ><div class=\"fusion-builder-row fusion-row fusion-flex-align-items-flex-start fusion-flex-content-wrap\" style=\"max-width:1144px;margin-left: calc(-4% \/ 2 );margin-right: calc(-4% \/ 2 );\"><div class=\"fusion-layout-column fusion_builder_column fusion-builder-column-0 fusion_builder_column_1_1 1_1 fusion-flex-column\" style=\"--awb-bg-size:cover;--awb-width-large:100%;--awb-margin-top-large:0px;--awb-spacing-right-large:1.92%;--awb-margin-bottom-large:20px;--awb-spacing-left-large:1.92%;--awb-width-medium:100%;--awb-order-medium:0;--awb-spacing-right-medium:1.92%;--awb-spacing-left-medium:1.92%;--awb-width-small:100%;--awb-order-small:0;--awb-spacing-right-small:1.92%;--awb-spacing-left-small:1.92%;\"><div class=\"fusion-column-wrapper fusion-column-has-shadow fusion-flex-justify-content-flex-start fusion-content-layout-column\"><div class=\"fusion-text fusion-text-1\" style=\"--awb-content-alignment:justify;\"><p><em><strong>Panam\u00e1 y Austria acordaron este mi\u00e9rcoles, promover las inversiones austriacas e incentivar la presencia de empresas de ese pa\u00eds europeo en Panam\u00e1, como resultado de la reuni\u00f3n sostenida en Viena entre el ministro de Relaciones Exteriores de Panam\u00e1, Javier Mart\u00ednez-Acha V\u00e1squez, y Beate Meinl-Reisinger, ministra federal de Asuntos Europeos e Internacionales.<\/strong><\/em><\/p>\n<p><strong>Ambas suscribieron un memorando de entendimiento que sell\u00f3 el compromiso de fortalecer las relaciones diplom\u00e1ticas, comerciales y de cooperaci\u00f3n, consolidando una agenda bilateral basada en intereses comunes y valores compartidos. Este documento, establece un mecanismo de consultas pol\u00edticas entre ambos pa\u00edses.<\/strong><\/p>\n<p><strong>En la actualidad, est\u00e1n presentes en Panam\u00e1, las empresas austr\u00edacas Red Bull, GMBH y Doka y hay inter\u00e9s por atraer otras que se acojan a los beneficios del programa de sede de empresas multinacionales conocido como SEM.<\/strong><\/p>\n<p><strong>Durante el desarrollo de la reuni\u00f3n, se destac\u00f3 la relevancia del acuerdo de asociaci\u00f3n entre la Uni\u00f3n Europea y Centroam\u00e9rica como eje de la relaci\u00f3n birregional, la determinaci\u00f3n en fortalecer la sostenibilidad y promover un comercio justo, equilibrado y transparente.<\/strong><\/p>\n<p><strong>El canciller Mart\u00ednez-Acha V\u00e1squez y la ministra Meinl-Reisinger, reiteraron el compromiso en materia fiscal y transparencia internacional, destacando la reciente salida de Panam\u00e1 de la lista de jurisdicciones de alto riesgo del Parlamento Europeo, como reconocimiento al fortalecimiento institucional del pa\u00eds.<\/strong><\/p>\n<p><strong>Igualmente hablaron sobre la conmemoraci\u00f3n de los 25 a\u00f1os de administraci\u00f3n paname\u00f1a del Canal, subrayando su eficiente gesti\u00f3n, seguridad operativa y aporte al comercio mar\u00edtimo global.<\/strong><\/p>\n<p><strong>El jefe de la diplomacia paname\u00f1a, reiter\u00f3 la invitaci\u00f3n a Austria para adherirse al Tratado de Neutralidad del Canal, como s\u00edmbolo del respaldo al principio de tr\u00e1nsito permanente, seguro y no discriminatorio.<\/strong><\/p>\n<p><strong>La ministra Meinl-Reisinger, extendi\u00f3 una invitaci\u00f3n a Panam\u00e1, para participar en la pr\u00f3xima edici\u00f3n del Foro Econ\u00f3mico Mundial en su versi\u00f3n latinoamericana, reconociendo su liderazgo regional y visi\u00f3n de desarrollo.<\/strong><\/p>\n<p><strong>En ese sentido, el canciller Mart\u00ednez-Acha V\u00e1squez, se refiri\u00f3 al papel de Panam\u00e1 en el Consejo de Seguridad de la ONU, su presidencia pro t\u00e9mpore del SICA y la AEC, lo que reafirma el compromiso del pa\u00eds con el multilateralismo y la integraci\u00f3n regional.<\/strong><\/p>\n<p><strong>Ambas partes, expresaron su inter\u00e9s en fortalecer los lazos culturales mediante el intercambio de experiencias, iniciativas de cooperaci\u00f3n art\u00edstica y la propuesta en recibir becas y oportunidades acad\u00e9micas por parte de Austria.<\/strong><\/p>\n<p><strong>El canciller paname\u00f1o, se reuni\u00f3 adem\u00e1s, con Miguel Inchaurrondo, vicepresidente de Inversiones y Financiaci\u00f3n del Banco de Desarrollo de Austria, con el fin de fortalecer los lazos econ\u00f3micos, financieros y explorar oportunidades de inversi\u00f3n en proyectos de infraestructura, energ\u00edas renovables, gesti\u00f3n ambiental y desarrollo sostenible.<\/strong><\/p>\n<p><strong>El canciller Mart\u00ednez-Acha V\u00e1squez, destac\u00f3 el compromiso del Gobierno Nacional con pol\u00edticas fiscales responsables. Tambi\u00e9n se refiri\u00f3 a la eficiente administraci\u00f3n del Canal y su modernizaci\u00f3n, la interconexi\u00f3n el\u00e9ctrica con Colombia y el desarrollo de sistemas ferroviarios para potenciar la conectividad regional.<\/strong><\/p>\n<p><strong>Inchaurrondo, quien estuvo acompa\u00f1ado por Steffen Suhany y Marcel Spechtler, altos ejecutivos del Banco de Desarrollo de Austria, expres\u00f3 su inter\u00e9s en identificar proyectos del sector privado paname\u00f1o relacionados con el medio ambiente y la inclusi\u00f3n social.<\/strong><\/p>\n<p><strong>De igual manera, consider\u00f3 la posibilidad de brindar apoyo t\u00e9cnico y financiero en iniciativas que cumplan con los est\u00e1ndares de sostenibilidad y que promuevan la cooperaci\u00f3n con empresas austr\u00edacas.<\/strong><\/p>\n<p><strong>En ese mismo aspecto de inversiones y cooperaci\u00f3n, el jefe de la diplomacia paname\u00f1a, se reuni\u00f3 con Abdulhamid Alkhalifa, presidente del Fondo de la Organizaci\u00f3n de Pa\u00edses Exportadores de Petr\u00f3leo (OPEP) para el Desarrollo Internacional, a quien plante\u00f3 el inter\u00e9s de Panam\u00e1 de fortalecer la relaci\u00f3n con esa instituci\u00f3n como aliado estrat\u00e9gico para proyectos vinculados a cambio clim\u00e1tico, saneamiento, salud p\u00fablica, energ\u00eda y desarrollo rural.<\/strong><\/p>\n<p><strong>Ese Fondo, es una instituci\u00f3n multilateral, creado en 1976, ha financiado siete proyectos de desarrollo en el pa\u00eds.<\/strong><\/p>\n<p><strong>El canciller Mart\u00ednez-Acha V\u00e1squez, reconoci\u00f3 del trabajo desarrollado por Alkhalifa es sus siete a\u00f1os al frente del Fondo de la OPEP y su papel clave en el impulso de la cooperaci\u00f3n Sur-Sur en Am\u00e9rica Latina y el Caribe.<\/strong><\/p>\n<\/div><div class=\"awb-gallery-wrapper awb-gallery-wrapper-1 button-span-no\" style=\"--more-btn-alignment:center;\"><div style=\"margin:-5px;--awb-bordersize:0px;\" class=\"fusion-gallery fusion-gallery-container fusion-grid-3 fusion-columns-total-4 fusion-gallery-layout-grid fusion-gallery-1\"><div style=\"padding:5px;\" class=\"fusion-grid-column fusion-gallery-column fusion-gallery-column-3 hover-type-none\"><div class=\"fusion-gallery-image\"><a href=\"https:\/\/sertv.gob.pa\/nacionalfm\/wp-content\/uploads\/sites\/6\/2025\/07\/CANCILLER-EN-VIENA-2.png\" rel=\"noreferrer\" data-rel=\"iLightbox[gallery_image_1]\" class=\"fusion-lightbox\" target=\"_self\"><img decoding=\"async\" src=\"https:\/\/sertv.gob.pa\/nacionalfm\/wp-content\/uploads\/sites\/6\/2025\/07\/CANCILLER-EN-VIENA-2.png\" width=\"589\" height=\"393\" alt=\"\" title=\"CANCILLER EN VIENA 2\" aria-label=\"CANCILLER EN VIENA 2\" class=\"img-responsive wp-image-110137\" srcset=\"https:\/\/sertv.gob.pa\/nacionalfm\/wp-content\/uploads\/sites\/6\/2025\/07\/CANCILLER-EN-VIENA-2-200x133.png 200w, https:\/\/sertv.gob.pa\/nacionalfm\/wp-content\/uploads\/sites\/6\/2025\/07\/CANCILLER-EN-VIENA-2-400x267.png 400w, https:\/\/sertv.gob.pa\/nacionalfm\/wp-content\/uploads\/sites\/6\/2025\/07\/CANCILLER-EN-VIENA-2.png 589w\" sizes=\"(min-width: 2200px) 100vw, (min-width: 784px) 363px, (min-width: 712px) 545px, (min-width: 640px) 712px, \" \/><\/a><\/div><\/div><div style=\"padding:5px;\" class=\"fusion-grid-column fusion-gallery-column fusion-gallery-column-3 hover-type-none\"><div class=\"fusion-gallery-image\"><a href=\"https:\/\/sertv.gob.pa\/nacionalfm\/wp-content\/uploads\/sites\/6\/2025\/07\/CANCILLER-EN-VIENA-3.jpeg\" rel=\"noreferrer\" data-rel=\"iLightbox[gallery_image_1]\" class=\"fusion-lightbox\" target=\"_self\"><img decoding=\"async\" src=\"https:\/\/sertv.gob.pa\/nacionalfm\/wp-content\/uploads\/sites\/6\/2025\/07\/CANCILLER-EN-VIENA-3.jpeg\" width=\"600\" height=\"400\" alt=\"\" title=\"CANCILLER EN VIENA 3\" aria-label=\"CANCILLER EN VIENA 3\" class=\"img-responsive wp-image-110138\" srcset=\"https:\/\/sertv.gob.pa\/nacionalfm\/wp-content\/uploads\/sites\/6\/2025\/07\/CANCILLER-EN-VIENA-3-200x133.jpeg 200w, https:\/\/sertv.gob.pa\/nacionalfm\/wp-content\/uploads\/sites\/6\/2025\/07\/CANCILLER-EN-VIENA-3-400x267.jpeg 400w, https:\/\/sertv.gob.pa\/nacionalfm\/wp-content\/uploads\/sites\/6\/2025\/07\/CANCILLER-EN-VIENA-3.jpeg 600w\" sizes=\"(min-width: 2200px) 100vw, (min-width: 784px) 363px, (min-width: 712px) 545px, (min-width: 640px) 712px, \" \/><\/a><\/div><\/div><div style=\"padding:5px;\" class=\"fusion-grid-column fusion-gallery-column fusion-gallery-column-3 hover-type-none\"><div class=\"fusion-gallery-image\"><a href=\"https:\/\/sertv.gob.pa\/nacionalfm\/wp-content\/uploads\/sites\/6\/2025\/07\/CANCILLER-EN-VIENA-4.jpeg\" rel=\"noreferrer\" data-rel=\"iLightbox[gallery_image_1]\" class=\"fusion-lightbox\" target=\"_self\"><img decoding=\"async\" src=\"https:\/\/sertv.gob.pa\/nacionalfm\/wp-content\/uploads\/sites\/6\/2025\/07\/CANCILLER-EN-VIENA-4.jpeg\" width=\"600\" height=\"400\" alt=\"\" title=\"CANCILLER EN VIENA 4\" aria-label=\"CANCILLER EN VIENA 4\" class=\"img-responsive wp-image-110139\" srcset=\"https:\/\/sertv.gob.pa\/nacionalfm\/wp-content\/uploads\/sites\/6\/2025\/07\/CANCILLER-EN-VIENA-4-200x133.jpeg 200w, https:\/\/sertv.gob.pa\/nacionalfm\/wp-content\/uploads\/sites\/6\/2025\/07\/CANCILLER-EN-VIENA-4-400x267.jpeg 400w, https:\/\/sertv.gob.pa\/nacionalfm\/wp-content\/uploads\/sites\/6\/2025\/07\/CANCILLER-EN-VIENA-4.jpeg 600w\" sizes=\"(min-width: 2200px) 100vw, (min-width: 784px) 363px, (min-width: 712px) 545px, (min-width: 640px) 712px, \" \/><\/a><\/div><\/div><div class=\"clearfix\"><\/div><div style=\"padding:5px;\" class=\"fusion-grid-column fusion-gallery-column fusion-gallery-column-3 hover-type-none\"><div class=\"fusion-gallery-image\"><a href=\"https:\/\/sertv.gob.pa\/nacionalfm\/wp-content\/uploads\/sites\/6\/2025\/07\/CANCILLER-EN-VIENA-5.jpeg\" rel=\"noreferrer\" data-rel=\"iLightbox[gallery_image_1]\" class=\"fusion-lightbox\" target=\"_self\"><img decoding=\"async\" src=\"https:\/\/sertv.gob.pa\/nacionalfm\/wp-content\/uploads\/sites\/6\/2025\/07\/CANCILLER-EN-VIENA-5.jpeg\" width=\"600\" height=\"400\" alt=\"\" title=\"CANCILLER EN VIENA 5\" aria-label=\"CANCILLER EN VIENA 5\" class=\"img-responsive wp-image-110140\" srcset=\"https:\/\/sertv.gob.pa\/nacionalfm\/wp-content\/uploads\/sites\/6\/2025\/07\/CANCILLER-EN-VIENA-5-200x133.jpeg 200w, https:\/\/sertv.gob.pa\/nacionalfm\/wp-content\/uploads\/sites\/6\/2025\/07\/CANCILLER-EN-VIENA-5-400x267.jpeg 400w, https:\/\/sertv.gob.pa\/nacionalfm\/wp-content\/uploads\/sites\/6\/2025\/07\/CANCILLER-EN-VIENA-5.jpeg 600w\" sizes=\"(min-width: 2200px) 100vw, (min-width: 784px) 363px, (min-width: 712px) 545px, (min-width: 640px) 712px, \" \/><\/a><\/div><\/div><\/div><\/div><\/div><\/div><\/div><\/div>\n","protected":false},"excerpt":{"rendered":"","protected":false},"author":9,"featured_media":110136,"comment_status":"closed","ping_status":"closed","sticky":false,"template":"","format":"standard","meta":{"footnotes":""},"categories":[2],"tags":[],"class_list":["post-110135","post","type-post","status-publish","format-standard","has-post-thumbnail","hentry","category-nacionales"],"_links":{"self":[{"href":"https:\/\/sertv.gob.pa\/nacionalfm\/wp-json\/wp\/v2\/posts\/110135","targetHints":{"allow":["GET"]}}],"collection":[{"href":"https:\/\/sertv.gob.pa\/nacionalfm\/wp-json\/wp\/v2\/posts"}],"about":[{"href":"https:\/\/sertv.gob.pa\/nacionalfm\/wp-json\/wp\/v2\/types\/post"}],"author":[{"embeddable":true,"href":"https:\/\/sertv.gob.pa\/nacionalfm\/wp-json\/wp\/v2\/users\/9"}],"replies":[{"embeddable":true,"href":"https:\/\/sertv.gob.pa\/nacionalfm\/wp-json\/wp\/v2\/comments?post=110135"}],"version-history":[{"count":2,"href":"https:\/\/sertv.gob.pa\/nacionalfm\/wp-json\/wp\/v2\/posts\/110135\/revisions"}],"predecessor-version":[{"id":110142,"href":"https:\/\/sertv.gob.pa\/nacionalfm\/wp-json\/wp\/v2\/posts\/110135\/revisions\/110142"}],"wp:featuredmedia":[{"embeddable":true,"href":"https:\/\/sertv.gob.pa\/nacionalfm\/wp-json\/wp\/v2\/media\/110136"}],"wp:attachment":[{"href":"https:\/\/sertv.gob.pa\/nacionalfm\/wp-json\/wp\/v2\/media?parent=110135"}],"wp:term":[{"taxonomy":"category","embeddable":true,"href":"https:\/\/sertv.gob.pa\/nacionalfm\/wp-json\/wp\/v2\/categories?post=110135"},{"taxonomy":"post_tag","embeddable":true,"href":"https:\/\/sertv.gob.pa\/nacionalfm\/wp-json\/wp\/v2\/tags?post=110135"}],"curies":[{"name":"wp","href":"https:\/\/api.w.org\/{rel}","templated":true}]}}