{"id":11016,"date":"2016-03-02T15:09:13","date_gmt":"2016-03-02T15:09:13","guid":{"rendered":""},"modified":"2016-03-02T15:09:13","modified_gmt":"2016-03-02T15:09:13","slug":"en-chiriqui-minsa-se-queda-sin-vacunas-para-gripe-a-h1n1","status":"publish","type":"post","link":"https:\/\/sertv.gob.pa\/nacionalfm\/en-chiriqui-minsa-se-queda-sin-vacunas-para-gripe-a-h1n1\/","title":{"rendered":"En Chiriqu\u00ed Minsa se queda sin vacunas para gripe A (H1N1)"},"content":{"rendered":"<p>\nEl  Ministerio de Salud (Minsa)  dio a conocer que se qued\u00f3 sin vacunas contra la gripe A (H1N1) debido a la gran demanda por la asistencia de ni\u00f1os y adultos mayores a los centros de salud de las distintas \u00a0regiones de la provincia. <\/p>\n<p>El director m\u00e9dico del Minsa, Agust\u00edn Salda\u00f1a, manifest\u00f3 que durante la crisis -en enero pasado- colocaron 6 mil vacunas. Luego solicitaron otro lote de vacunas, por lo que le fueron enviadas 4 mil vacunas m\u00e1s que igualmente se agotaron, agreg\u00f3. Ahora, est\u00e1n a la espera de m\u00e1s. Estima que este nuevo pedido estar\u00eda llegando a la provincia en el mes de abril. <\/p>\n<p>En Chiriqu\u00ed se registraron cuatro defunciones por esta gripe A (H1N1); el primero de ellos fue un cubano, los otros tres son paname\u00f1os. Adem\u00e1s, hay 45 casos registrados desde hace un mes, informaron las autoridades. <\/p>\n<p>\u00a0 <\/p>\n","protected":false},"excerpt":{"rendered":"<p>El Ministerio de Salud (Minsa) dio a conocer que se <a href=\"https:\/\/sertv.gob.pa\/nacionalfm\/en-chiriqui-minsa-se-queda-sin-vacunas-para-gripe-a-h1n1\/\"> [&#8230;]<\/a><\/p>\n","protected":false},"author":1,"featured_media":11017,"comment_status":"closed","ping_status":"closed","sticky":false,"template":"","format":"standard","meta":{"footnotes":""},"categories":[5],"tags":[],"class_list":["post-11016","post","type-post","status-publish","format-standard","has-post-thumbnail","hentry","category-salud"],"_links":{"self":[{"href":"https:\/\/sertv.gob.pa\/nacionalfm\/wp-json\/wp\/v2\/posts\/11016","targetHints":{"allow":["GET"]}}],"collection":[{"href":"https:\/\/sertv.gob.pa\/nacionalfm\/wp-json\/wp\/v2\/posts"}],"about":[{"href":"https:\/\/sertv.gob.pa\/nacionalfm\/wp-json\/wp\/v2\/types\/post"}],"author":[{"embeddable":true,"href":"https:\/\/sertv.gob.pa\/nacionalfm\/wp-json\/wp\/v2\/users\/1"}],"replies":[{"embeddable":true,"href":"https:\/\/sertv.gob.pa\/nacionalfm\/wp-json\/wp\/v2\/comments?post=11016"}],"version-history":[{"count":0,"href":"https:\/\/sertv.gob.pa\/nacionalfm\/wp-json\/wp\/v2\/posts\/11016\/revisions"}],"wp:featuredmedia":[{"embeddable":true,"href":"https:\/\/sertv.gob.pa\/nacionalfm\/wp-json\/wp\/v2\/media\/11017"}],"wp:attachment":[{"href":"https:\/\/sertv.gob.pa\/nacionalfm\/wp-json\/wp\/v2\/media?parent=11016"}],"wp:term":[{"taxonomy":"category","embeddable":true,"href":"https:\/\/sertv.gob.pa\/nacionalfm\/wp-json\/wp\/v2\/categories?post=11016"},{"taxonomy":"post_tag","embeddable":true,"href":"https:\/\/sertv.gob.pa\/nacionalfm\/wp-json\/wp\/v2\/tags?post=11016"}],"curies":[{"name":"wp","href":"https:\/\/api.w.org\/{rel}","templated":true}]}}