{"id":110305,"date":"2025-07-22T16:24:44","date_gmt":"2025-07-22T21:24:44","guid":{"rendered":"https:\/\/sertv.gob.pa\/nacionalfm\/?p=110305"},"modified":"2025-07-22T18:31:26","modified_gmt":"2025-07-22T23:31:26","slug":"linea-3-del-metro-de-panama-recibe-su-flota-completa-de-trenes","status":"publish","type":"post","link":"https:\/\/sertv.gob.pa\/nacionalfm\/linea-3-del-metro-de-panama-recibe-su-flota-completa-de-trenes\/","title":{"rendered":"L\u00ednea 3 del Metro de Panam\u00e1 Recibe su Flota Completa de Trenes"},"content":{"rendered":"<div class=\"fusion-fullwidth fullwidth-box fusion-builder-row-1 fusion-flex-container nonhundred-percent-fullwidth non-hundred-percent-height-scrolling\" style=\"--awb-border-radius-top-left:0px;--awb-border-radius-top-right:0px;--awb-border-radius-bottom-right:0px;--awb-border-radius-bottom-left:0px;--awb-flex-wrap:wrap;\" ><div class=\"fusion-builder-row fusion-row fusion-flex-align-items-flex-start fusion-flex-content-wrap\" style=\"max-width:1144px;margin-left: calc(-4% \/ 2 );margin-right: calc(-4% \/ 2 );\"><div class=\"fusion-layout-column fusion_builder_column fusion-builder-column-0 fusion_builder_column_1_1 1_1 fusion-flex-column\" style=\"--awb-bg-size:cover;--awb-width-large:100%;--awb-margin-top-large:0px;--awb-spacing-right-large:1.92%;--awb-margin-bottom-large:0px;--awb-spacing-left-large:1.92%;--awb-width-medium:100%;--awb-spacing-right-medium:1.92%;--awb-spacing-left-medium:1.92%;--awb-width-small:100%;--awb-spacing-right-small:1.92%;--awb-spacing-left-small:1.92%;\"><div class=\"fusion-column-wrapper fusion-flex-justify-content-flex-start fusion-content-layout-column\"><div class=\"fusion-text fusion-text-1\"><p>Panam\u00e1 ha alcanzado un nuevo y significativo hito en la construcci\u00f3n de la L\u00ednea 3 del Metro: la llegada del \u00faltimo convoy ferroviario, completando as\u00ed la totalidad de su flota. Con la recepci\u00f3n del tren n\u00famero 26, el Metro de Panam\u00e1 confirma que todos los veh\u00edculos necesarios para esta trascendental obra ya se encuentran en el pa\u00eds, listos para transformar la vida de m\u00e1s de 500,000 habitantes de Panam\u00e1 Oeste.<\/p>\n<p>El arribo de estas modernas unidades se produjo en el puerto de Manzanillo. Desde all\u00ed, los trenes ser\u00e1n trasladados estrat\u00e9gicamente, en operativos nocturnos programados entre el lunes 21 y el mi\u00e9rcoles 23 de julio, en un horario de 9:00 p.m. a 4:00 a.m., hacia el Patio y Talleres de Ciudad del Futuro. En estas instalaciones, cada tren ser\u00e1 sometido a un riguroso proceso de ensamblaje, seguido de exhaustivas pruebas din\u00e1micas y est\u00e1ticas, cruciales para garantizar su \u00f3ptimo funcionamiento antes de su puesta en servicio.<\/p>\n<p>El Metro de Panam\u00e1 ha enfatizado el \u00abfuerte avance\u00bb de la L\u00ednea 3, destac\u00e1ndola como un sistema de transporte moderno, seguro y eficiente. M\u00e1s all\u00e1 de la infraestructura, este proyecto est\u00e1 llamado a ser un verdadero motor de desarrollo, conectando comunidades, impulsando nuevas oportunidades econ\u00f3micas y elevando sustancialmente la calidad de vida en una de las regiones con mayor expansi\u00f3n demogr\u00e1fica del pa\u00eds.<\/p>\n<p>Se anticipa que esta obra de ingenier\u00eda, considerada ya un proyecto emblem\u00e1tico, aliviar\u00e1 dr\u00e1sticamente la congesti\u00f3n vehicular y mejorar\u00e1 de manera fundamental el tr\u00e1nsito entre la capital y los distritos de Panam\u00e1 Oeste, consolidando una movilidad urbana sostenible para el futuro.<\/p>\n<\/div><\/div><\/div><\/div><\/div>\n","protected":false},"excerpt":{"rendered":"","protected":false},"author":57,"featured_media":110312,"comment_status":"closed","ping_status":"closed","sticky":false,"template":"","format":"standard","meta":{"footnotes":""},"categories":[2],"tags":[],"class_list":["post-110305","post","type-post","status-publish","format-standard","has-post-thumbnail","hentry","category-nacionales"],"_links":{"self":[{"href":"https:\/\/sertv.gob.pa\/nacionalfm\/wp-json\/wp\/v2\/posts\/110305","targetHints":{"allow":["GET"]}}],"collection":[{"href":"https:\/\/sertv.gob.pa\/nacionalfm\/wp-json\/wp\/v2\/posts"}],"about":[{"href":"https:\/\/sertv.gob.pa\/nacionalfm\/wp-json\/wp\/v2\/types\/post"}],"author":[{"embeddable":true,"href":"https:\/\/sertv.gob.pa\/nacionalfm\/wp-json\/wp\/v2\/users\/57"}],"replies":[{"embeddable":true,"href":"https:\/\/sertv.gob.pa\/nacionalfm\/wp-json\/wp\/v2\/comments?post=110305"}],"version-history":[{"count":3,"href":"https:\/\/sertv.gob.pa\/nacionalfm\/wp-json\/wp\/v2\/posts\/110305\/revisions"}],"predecessor-version":[{"id":110314,"href":"https:\/\/sertv.gob.pa\/nacionalfm\/wp-json\/wp\/v2\/posts\/110305\/revisions\/110314"}],"wp:featuredmedia":[{"embeddable":true,"href":"https:\/\/sertv.gob.pa\/nacionalfm\/wp-json\/wp\/v2\/media\/110312"}],"wp:attachment":[{"href":"https:\/\/sertv.gob.pa\/nacionalfm\/wp-json\/wp\/v2\/media?parent=110305"}],"wp:term":[{"taxonomy":"category","embeddable":true,"href":"https:\/\/sertv.gob.pa\/nacionalfm\/wp-json\/wp\/v2\/categories?post=110305"},{"taxonomy":"post_tag","embeddable":true,"href":"https:\/\/sertv.gob.pa\/nacionalfm\/wp-json\/wp\/v2\/tags?post=110305"}],"curies":[{"name":"wp","href":"https:\/\/api.w.org\/{rel}","templated":true}]}}