{"id":110360,"date":"2025-07-23T18:58:18","date_gmt":"2025-07-23T23:58:18","guid":{"rendered":"https:\/\/sertv.gob.pa\/nacionalfm\/?p=110360"},"modified":"2025-07-23T21:41:26","modified_gmt":"2025-07-24T02:41:26","slug":"ministro-linares-recibe-a-delegacion-estadounidense-encabezada-por-la-subsecretaria-adjunta-de-agricultura-de-eeuu-lauren-stump","status":"publish","type":"post","link":"https:\/\/sertv.gob.pa\/nacionalfm\/ministro-linares-recibe-a-delegacion-estadounidense-encabezada-por-la-subsecretaria-adjunta-de-agricultura-de-eeuu-lauren-stump\/","title":{"rendered":"Ministro Linares recibe a delegaci\u00f3n estadounidense encabezada por la Subsecretaria Adjunta de Agricultura de EEUU, Lauren Stump"},"content":{"rendered":"<div class=\"fusion-fullwidth fullwidth-box fusion-builder-row-1 fusion-flex-container has-pattern-background has-mask-background nonhundred-percent-fullwidth non-hundred-percent-height-scrolling\" style=\"--awb-border-radius-top-left:0px;--awb-border-radius-top-right:0px;--awb-border-radius-bottom-right:0px;--awb-border-radius-bottom-left:0px;--awb-flex-wrap:wrap;\" ><div class=\"fusion-builder-row fusion-row fusion-flex-align-items-flex-start fusion-flex-content-wrap\" style=\"max-width:1144px;margin-left: calc(-4% \/ 2 );margin-right: calc(-4% \/ 2 );\"><div class=\"fusion-layout-column fusion_builder_column fusion-builder-column-0 fusion_builder_column_1_1 1_1 fusion-flex-column\" style=\"--awb-bg-size:cover;--awb-width-large:100%;--awb-margin-top-large:0px;--awb-spacing-right-large:1.92%;--awb-margin-bottom-large:20px;--awb-spacing-left-large:1.92%;--awb-width-medium:100%;--awb-order-medium:0;--awb-spacing-right-medium:1.92%;--awb-spacing-left-medium:1.92%;--awb-width-small:100%;--awb-order-small:0;--awb-spacing-right-small:1.92%;--awb-spacing-left-small:1.92%;\"><div class=\"fusion-column-wrapper fusion-column-has-shadow fusion-flex-justify-content-flex-start fusion-content-layout-column\"><div class=\"fusion-text fusion-text-1\" style=\"--awb-content-alignment:justify;\"><p>El ministro de Desarrollo Agropecuario (MIDA), Roberto Linares, recibi\u00f3 este mi\u00e9rcoles la visita de destacadas figuras del Departamento de Agricultura de Estados Unidos (USDA), consolidando as\u00ed los lazos de cooperaci\u00f3n y di\u00e1logo entre ambas naciones en materia agropecuaria.<\/p>\n<p>Durante el encuentro, Linares dio la bienvenida a la Subsecretaria Adjunta de USDA, Lauren Stump, y al Dr. Ibrahim Shaquir, Administrador Adjunto del Servicio de Inspecci\u00f3n Sanitaria de Animales y Plantas (APHIS) del USDA.<\/p>\n<p>Los funcionarios estadounidenses estuvieron acompa\u00f1ados por Robert Appler, Agregado Regional de APHIS; Andrew Hochhalter, Agregado Agr\u00edcola para Panam\u00e1; Christina Lohs, Directora de COPEG por el USDA\/APHIS; y Arlene Villalaz, especialista agr\u00edcola, y otros.<\/p>\n<p>Durante el encuentro, se convers\u00f3 sobre el trabajo conjunto que desarrolla la Comisi\u00f3n Panam\u00e1 \u2013 Estados Unidos para la Erradicaci\u00f3n y Prevenci\u00f3n del Gusano Barrenador del Ganado (COPEG), un programa de trabajo conjunto que fue elogiado por la Subsecretaria Adjunta Stump como \u00abincre\u00edble y valioso\u00bb para los objetivos de Estados Unidos.<\/p>\n<p>La funcionaria estadounidense remarc\u00f3 el inter\u00e9s de su pa\u00eds en continuar la colaboraci\u00f3n con Panam\u00e1, calificando el trabajo mutuo como \u00abfant\u00e1stico\u00bb.<\/p>\n<p>El ministro Linares aprovech\u00f3 la oportunidad para explorar nuevas v\u00edas de cooperaci\u00f3n, incluyendo la ampliaci\u00f3n de la exportaci\u00f3n de productos agr\u00edcolas paname\u00f1os, como la papaya, a Estados Unidos. Tambi\u00e9n se convers\u00f3 sobre los avances alcanzados para la exportaci\u00f3n de carne a Estados Unidos.<\/p>\n<p>Adem\u00e1s, se abord\u00f3 la exploraci\u00f3n de programas de asistencia t\u00e9cnica para el control de las moscas de las frutas y los acercamientos para la primera fase de un programa de transferencia gen\u00e9tica bovina, que implicar\u00eda la importaci\u00f3n de semen y embriones.<\/p>\n<p>Previo a esta visita, los funcionarios estadounidenses Appler y Shaqir,Villalaz se reunieron con los doctores, Emmeris Quintero y Reinaldo Viveros, directores nacionales de Sanidad Vegetal y Salud Animal del MIDA, encuentro celebrado en las instalaciones de Tapia en Tocumen. Durante la reuni\u00f3n, se abordaron diversos temas de inter\u00e9s sanitario y comercial entre ambos pa\u00edses.<\/p>\n<p>Entre los puntos tratados destacaron los procesos de equivalencia y reconocimiento sanitario, requisitos para la importaci\u00f3n y exportaci\u00f3n de productos agropecuarios, solicitudes en tr\u00e1mite, as\u00ed como oportunidades de cooperaci\u00f3n t\u00e9cnica, entre otros.<\/p>\n<p>Asimismo, se acord\u00f3 dar seguimiento a estos temas mediante futuras reuniones de trabajo, que permitir\u00e1n continuar avanzando en la facilitaci\u00f3n del comercio y el intercambio de experiencias en materia de sanidad agropecuaria.<\/p>\n<p>El ministro Linares expres\u00f3 su gratitud por la visita de la delegaci\u00f3n estadounidense, destacando la importancia de mantener un di\u00e1logo fluido y constructivo con uno de los socios comerciales m\u00e1s relevantes de Panam\u00e1.<\/p>\n<\/div><div class=\"awb-gallery-wrapper awb-gallery-wrapper-1 button-span-no\" style=\"--more-btn-alignment:center;\"><div style=\"margin:-5px;--awb-bordersize:0px;\" class=\"fusion-gallery fusion-gallery-container fusion-grid-3 fusion-columns-total-3 fusion-gallery-layout-grid fusion-gallery-1\"><div style=\"padding:5px;\" class=\"fusion-grid-column fusion-gallery-column fusion-gallery-column-3 hover-type-none\"><div class=\"fusion-gallery-image\"><a href=\"https:\/\/sertv.gob.pa\/nacionalfm\/wp-content\/uploads\/sites\/6\/2025\/07\/WhatsApp-Image-2025-07-23-at-6.25.21-PM-scaled.jpeg\" rel=\"noreferrer\" data-rel=\"iLightbox[gallery_image_1]\" class=\"fusion-lightbox\" target=\"_self\"><img decoding=\"async\" src=\"https:\/\/sertv.gob.pa\/nacionalfm\/wp-content\/uploads\/sites\/6\/2025\/07\/WhatsApp-Image-2025-07-23-at-6.25.21-PM-scaled.jpeg\" width=\"2560\" height=\"1155\" alt=\"\" title=\"\" aria-label=\"\" class=\"img-responsive wp-image-110372\" srcset=\"https:\/\/sertv.gob.pa\/nacionalfm\/wp-content\/uploads\/sites\/6\/2025\/07\/WhatsApp-Image-2025-07-23-at-6.25.21-PM-200x90.jpeg 200w, https:\/\/sertv.gob.pa\/nacionalfm\/wp-content\/uploads\/sites\/6\/2025\/07\/WhatsApp-Image-2025-07-23-at-6.25.21-PM-400x180.jpeg 400w, https:\/\/sertv.gob.pa\/nacionalfm\/wp-content\/uploads\/sites\/6\/2025\/07\/WhatsApp-Image-2025-07-23-at-6.25.21-PM-600x271.jpeg 600w, https:\/\/sertv.gob.pa\/nacionalfm\/wp-content\/uploads\/sites\/6\/2025\/07\/WhatsApp-Image-2025-07-23-at-6.25.21-PM-800x361.jpeg 800w, https:\/\/sertv.gob.pa\/nacionalfm\/wp-content\/uploads\/sites\/6\/2025\/07\/WhatsApp-Image-2025-07-23-at-6.25.21-PM-1200x541.jpeg 1200w, https:\/\/sertv.gob.pa\/nacionalfm\/wp-content\/uploads\/sites\/6\/2025\/07\/WhatsApp-Image-2025-07-23-at-6.25.21-PM-scaled.jpeg 2560w\" sizes=\"(min-width: 2200px) 100vw, (min-width: 784px) 363px, (min-width: 712px) 545px, (min-width: 640px) 712px, \" \/><\/a><\/div><\/div><div style=\"padding:5px;\" class=\"fusion-grid-column fusion-gallery-column fusion-gallery-column-3 hover-type-none\"><div class=\"fusion-gallery-image\"><a href=\"https:\/\/sertv.gob.pa\/nacionalfm\/wp-content\/uploads\/sites\/6\/2025\/07\/WhatsApp-Image-2025-07-23-at-6.25.17-PM-scaled.jpeg\" rel=\"noreferrer\" data-rel=\"iLightbox[gallery_image_1]\" class=\"fusion-lightbox\" target=\"_self\"><img decoding=\"async\" src=\"https:\/\/sertv.gob.pa\/nacionalfm\/wp-content\/uploads\/sites\/6\/2025\/07\/WhatsApp-Image-2025-07-23-at-6.25.17-PM-scaled.jpeg\" width=\"2560\" height=\"1706\" alt=\"\" title=\"WhatsApp Image 2025-07-23 at 6.25.17 PM\" aria-label=\"WhatsApp Image 2025-07-23 at 6.25.17 PM\" class=\"img-responsive wp-image-110371\" srcset=\"https:\/\/sertv.gob.pa\/nacionalfm\/wp-content\/uploads\/sites\/6\/2025\/07\/WhatsApp-Image-2025-07-23-at-6.25.17-PM-200x133.jpeg 200w, https:\/\/sertv.gob.pa\/nacionalfm\/wp-content\/uploads\/sites\/6\/2025\/07\/WhatsApp-Image-2025-07-23-at-6.25.17-PM-400x267.jpeg 400w, https:\/\/sertv.gob.pa\/nacionalfm\/wp-content\/uploads\/sites\/6\/2025\/07\/WhatsApp-Image-2025-07-23-at-6.25.17-PM-600x400.jpeg 600w, https:\/\/sertv.gob.pa\/nacionalfm\/wp-content\/uploads\/sites\/6\/2025\/07\/WhatsApp-Image-2025-07-23-at-6.25.17-PM-800x533.jpeg 800w, https:\/\/sertv.gob.pa\/nacionalfm\/wp-content\/uploads\/sites\/6\/2025\/07\/WhatsApp-Image-2025-07-23-at-6.25.17-PM-1200x800.jpeg 1200w, https:\/\/sertv.gob.pa\/nacionalfm\/wp-content\/uploads\/sites\/6\/2025\/07\/WhatsApp-Image-2025-07-23-at-6.25.17-PM-scaled.jpeg 2560w\" sizes=\"(min-width: 2200px) 100vw, (min-width: 784px) 363px, (min-width: 712px) 545px, (min-width: 640px) 712px, \" \/><\/a><\/div><\/div><div style=\"padding:5px;\" class=\"fusion-grid-column fusion-gallery-column fusion-gallery-column-3 hover-type-none\"><div class=\"fusion-gallery-image\"><a href=\"https:\/\/sertv.gob.pa\/nacionalfm\/wp-content\/uploads\/sites\/6\/2025\/07\/WhatsApp-Image-2025-07-23-at-6.25.15-PM-scaled.jpeg\" rel=\"noreferrer\" data-rel=\"iLightbox[gallery_image_1]\" class=\"fusion-lightbox\" target=\"_self\"><img decoding=\"async\" src=\"https:\/\/sertv.gob.pa\/nacionalfm\/wp-content\/uploads\/sites\/6\/2025\/07\/WhatsApp-Image-2025-07-23-at-6.25.15-PM-scaled.jpeg\" width=\"2560\" height=\"1706\" alt=\"\" title=\"WhatsApp Image 2025-07-23 at 6.25.15 PM\" aria-label=\"WhatsApp Image 2025-07-23 at 6.25.15 PM\" class=\"img-responsive wp-image-110370\" srcset=\"https:\/\/sertv.gob.pa\/nacionalfm\/wp-content\/uploads\/sites\/6\/2025\/07\/WhatsApp-Image-2025-07-23-at-6.25.15-PM-200x133.jpeg 200w, https:\/\/sertv.gob.pa\/nacionalfm\/wp-content\/uploads\/sites\/6\/2025\/07\/WhatsApp-Image-2025-07-23-at-6.25.15-PM-400x267.jpeg 400w, https:\/\/sertv.gob.pa\/nacionalfm\/wp-content\/uploads\/sites\/6\/2025\/07\/WhatsApp-Image-2025-07-23-at-6.25.15-PM-600x400.jpeg 600w, https:\/\/sertv.gob.pa\/nacionalfm\/wp-content\/uploads\/sites\/6\/2025\/07\/WhatsApp-Image-2025-07-23-at-6.25.15-PM-800x533.jpeg 800w, https:\/\/sertv.gob.pa\/nacionalfm\/wp-content\/uploads\/sites\/6\/2025\/07\/WhatsApp-Image-2025-07-23-at-6.25.15-PM-1200x800.jpeg 1200w, https:\/\/sertv.gob.pa\/nacionalfm\/wp-content\/uploads\/sites\/6\/2025\/07\/WhatsApp-Image-2025-07-23-at-6.25.15-PM-scaled.jpeg 2560w\" sizes=\"(min-width: 2200px) 100vw, (min-width: 784px) 363px, (min-width: 712px) 545px, (min-width: 640px) 712px, \" \/><\/a><\/div><\/div><div class=\"clearfix\"><\/div><\/div><\/div><\/div><\/div><\/div><\/div>\n","protected":false},"excerpt":{"rendered":"","protected":false},"author":57,"featured_media":110373,"comment_status":"closed","ping_status":"closed","sticky":false,"template":"","format":"standard","meta":{"footnotes":""},"categories":[1],"tags":[],"class_list":["post-110360","post","type-post","status-publish","format-standard","has-post-thumbnail","hentry","category-sin-categoria"],"_links":{"self":[{"href":"https:\/\/sertv.gob.pa\/nacionalfm\/wp-json\/wp\/v2\/posts\/110360","targetHints":{"allow":["GET"]}}],"collection":[{"href":"https:\/\/sertv.gob.pa\/nacionalfm\/wp-json\/wp\/v2\/posts"}],"about":[{"href":"https:\/\/sertv.gob.pa\/nacionalfm\/wp-json\/wp\/v2\/types\/post"}],"author":[{"embeddable":true,"href":"https:\/\/sertv.gob.pa\/nacionalfm\/wp-json\/wp\/v2\/users\/57"}],"replies":[{"embeddable":true,"href":"https:\/\/sertv.gob.pa\/nacionalfm\/wp-json\/wp\/v2\/comments?post=110360"}],"version-history":[{"count":2,"href":"https:\/\/sertv.gob.pa\/nacionalfm\/wp-json\/wp\/v2\/posts\/110360\/revisions"}],"predecessor-version":[{"id":110374,"href":"https:\/\/sertv.gob.pa\/nacionalfm\/wp-json\/wp\/v2\/posts\/110360\/revisions\/110374"}],"wp:featuredmedia":[{"embeddable":true,"href":"https:\/\/sertv.gob.pa\/nacionalfm\/wp-json\/wp\/v2\/media\/110373"}],"wp:attachment":[{"href":"https:\/\/sertv.gob.pa\/nacionalfm\/wp-json\/wp\/v2\/media?parent=110360"}],"wp:term":[{"taxonomy":"category","embeddable":true,"href":"https:\/\/sertv.gob.pa\/nacionalfm\/wp-json\/wp\/v2\/categories?post=110360"},{"taxonomy":"post_tag","embeddable":true,"href":"https:\/\/sertv.gob.pa\/nacionalfm\/wp-json\/wp\/v2\/tags?post=110360"}],"curies":[{"name":"wp","href":"https:\/\/api.w.org\/{rel}","templated":true}]}}