{"id":11054,"date":"2016-03-03T16:03:01","date_gmt":"2016-03-03T16:03:01","guid":{"rendered":""},"modified":"2016-03-03T16:03:01","modified_gmt":"2016-03-03T16:03:01","slug":"campana-cuida-a-los-que-mas-quieres-revisa-sus-lunares","status":"publish","type":"post","link":"https:\/\/sertv.gob.pa\/nacionalfm\/campana-cuida-a-los-que-mas-quieres-revisa-sus-lunares\/","title":{"rendered":"Campa\u00f1a \u201cCuida a los que m\u00e1s quieres. Revisa sus lunares\u201d"},"content":{"rendered":"<p>\nCon el eslogan &lsquo;Cuida a los que m\u00e1s quieres. Revisa sus lunares&#8217;, se lanz\u00f3 hace cuatro semanas la campa\u00f1a mundial Skin Checker de La Roche Posay, cuyo fin es promover la prevenci\u00f3n y detecci\u00f3n temprana del c\u00e1ncer de piel. <\/p>\n<p>Como parte de la iniciativa en Panam\u00e1, se estar\u00e1 realizando una cl\u00ednica m\u00f3vil gratuita este domingo, 6 de marzo a la Cinta Costera. En ella se contar\u00e1 con 10 dermat\u00f3logos para que las personas pasen a revisarse lunares o manchas sospechosas y descarten que se trate de un c\u00e1ncer de piel. <\/p>\n<p>Esto se estar\u00e1 llevando a cabo en asociaci\u00f3n con Fundac\u00e1ncer y la Asociaci\u00f3n Paname\u00f1a de Dermatolog\u00eda. <\/p>\n<p>\u00a0 <\/p>\n","protected":false},"excerpt":{"rendered":"<p>Con el eslogan &lsquo;Cuida a los que m\u00e1s quieres. Revisa <a href=\"https:\/\/sertv.gob.pa\/nacionalfm\/campana-cuida-a-los-que-mas-quieres-revisa-sus-lunares\/\"> [&#8230;]<\/a><\/p>\n","protected":false},"author":1,"featured_media":11055,"comment_status":"closed","ping_status":"closed","sticky":false,"template":"","format":"standard","meta":{"footnotes":""},"categories":[5],"tags":[],"class_list":["post-11054","post","type-post","status-publish","format-standard","has-post-thumbnail","hentry","category-salud"],"_links":{"self":[{"href":"https:\/\/sertv.gob.pa\/nacionalfm\/wp-json\/wp\/v2\/posts\/11054","targetHints":{"allow":["GET"]}}],"collection":[{"href":"https:\/\/sertv.gob.pa\/nacionalfm\/wp-json\/wp\/v2\/posts"}],"about":[{"href":"https:\/\/sertv.gob.pa\/nacionalfm\/wp-json\/wp\/v2\/types\/post"}],"author":[{"embeddable":true,"href":"https:\/\/sertv.gob.pa\/nacionalfm\/wp-json\/wp\/v2\/users\/1"}],"replies":[{"embeddable":true,"href":"https:\/\/sertv.gob.pa\/nacionalfm\/wp-json\/wp\/v2\/comments?post=11054"}],"version-history":[{"count":0,"href":"https:\/\/sertv.gob.pa\/nacionalfm\/wp-json\/wp\/v2\/posts\/11054\/revisions"}],"wp:featuredmedia":[{"embeddable":true,"href":"https:\/\/sertv.gob.pa\/nacionalfm\/wp-json\/wp\/v2\/media\/11055"}],"wp:attachment":[{"href":"https:\/\/sertv.gob.pa\/nacionalfm\/wp-json\/wp\/v2\/media?parent=11054"}],"wp:term":[{"taxonomy":"category","embeddable":true,"href":"https:\/\/sertv.gob.pa\/nacionalfm\/wp-json\/wp\/v2\/categories?post=11054"},{"taxonomy":"post_tag","embeddable":true,"href":"https:\/\/sertv.gob.pa\/nacionalfm\/wp-json\/wp\/v2\/tags?post=11054"}],"curies":[{"name":"wp","href":"https:\/\/api.w.org\/{rel}","templated":true}]}}