{"id":11076,"date":"2016-03-04T14:53:27","date_gmt":"2016-03-04T14:53:27","guid":{"rendered":""},"modified":"2016-03-04T14:53:27","modified_gmt":"2016-03-04T14:53:27","slug":"111-casos-de-zika-en-panama-segun-reportes-del-minsa","status":"publish","type":"post","link":"https:\/\/sertv.gob.pa\/nacionalfm\/111-casos-de-zika-en-panama-segun-reportes-del-minsa\/","title":{"rendered":"111 casos de zika en Panam\u00e1, seg\u00fan reportes del Minsa"},"content":{"rendered":"<p>\nHasta la fecha, van 111 casos confirmados de  virus zika \u00a0en el pa\u00eds, seg\u00fan dio a conocer el Ministerio de Salud (Minsa). \u00a0 <\/p>\n<p>Y es que en las \u00faltimas horas se corroboraron 16 casos adicionales en las \u00e1reas de Col\u00f3n (Sabanitas), Veracruz, Gorgona, La Mitra y Juan D\u00edaz. \u00a0 <\/p>\n<p>A trav\u00e9s de un comunicado, el Minsa reiter\u00f3 que se mantiene vigente una alerta sanitaria en todo Panam\u00e1,\u00a0debido a la circulaci\u00f3n\u00a0del virus zika, transmitido por el mosquito Aedes aegypti. \u00a0 <\/p>\n<p>El Minsa record\u00f3 igualmente que en la actualidad no existe una vacuna para prevenir esta enfermedad\u00a0ni medicamentos para tratarla. \u00a0 <\/p>\n<p>Por ello, exhort\u00f3 a la poblaci\u00f3n en general a que evite la proliferaci\u00f3n de criaderos del mosquito y seguir las medidas para evitar \u00e9sta y otras enfermedades. \u00a0 <\/p>\n<p>Cualquier denuncia de criaderos puede hacerse a trav\u00e9s de la l\u00ednea 311.\u00a0 <\/p>\n<p>\u00a0 <\/p>\n","protected":false},"excerpt":{"rendered":"<p>Hasta la fecha, van 111 casos confirmados de virus zika <a href=\"https:\/\/sertv.gob.pa\/nacionalfm\/111-casos-de-zika-en-panama-segun-reportes-del-minsa\/\"> [&#8230;]<\/a><\/p>\n","protected":false},"author":1,"featured_media":11077,"comment_status":"closed","ping_status":"closed","sticky":false,"template":"","format":"standard","meta":{"footnotes":""},"categories":[5],"tags":[],"class_list":["post-11076","post","type-post","status-publish","format-standard","has-post-thumbnail","hentry","category-salud"],"_links":{"self":[{"href":"https:\/\/sertv.gob.pa\/nacionalfm\/wp-json\/wp\/v2\/posts\/11076","targetHints":{"allow":["GET"]}}],"collection":[{"href":"https:\/\/sertv.gob.pa\/nacionalfm\/wp-json\/wp\/v2\/posts"}],"about":[{"href":"https:\/\/sertv.gob.pa\/nacionalfm\/wp-json\/wp\/v2\/types\/post"}],"author":[{"embeddable":true,"href":"https:\/\/sertv.gob.pa\/nacionalfm\/wp-json\/wp\/v2\/users\/1"}],"replies":[{"embeddable":true,"href":"https:\/\/sertv.gob.pa\/nacionalfm\/wp-json\/wp\/v2\/comments?post=11076"}],"version-history":[{"count":0,"href":"https:\/\/sertv.gob.pa\/nacionalfm\/wp-json\/wp\/v2\/posts\/11076\/revisions"}],"wp:featuredmedia":[{"embeddable":true,"href":"https:\/\/sertv.gob.pa\/nacionalfm\/wp-json\/wp\/v2\/media\/11077"}],"wp:attachment":[{"href":"https:\/\/sertv.gob.pa\/nacionalfm\/wp-json\/wp\/v2\/media?parent=11076"}],"wp:term":[{"taxonomy":"category","embeddable":true,"href":"https:\/\/sertv.gob.pa\/nacionalfm\/wp-json\/wp\/v2\/categories?post=11076"},{"taxonomy":"post_tag","embeddable":true,"href":"https:\/\/sertv.gob.pa\/nacionalfm\/wp-json\/wp\/v2\/tags?post=11076"}],"curies":[{"name":"wp","href":"https:\/\/api.w.org\/{rel}","templated":true}]}}