{"id":11114,"date":"2016-03-07T16:02:06","date_gmt":"2016-03-07T16:02:06","guid":{"rendered":""},"modified":"2016-03-07T16:02:06","modified_gmt":"2016-03-07T16:02:06","slug":"emperador-renteria-acaba-con-invicto-del-autentico-lobo","status":"publish","type":"post","link":"https:\/\/sertv.gob.pa\/nacionalfm\/emperador-renteria-acaba-con-invicto-del-autentico-lobo\/","title":{"rendered":"\u201cEmperador\u201d Renter\u00eda acaba con invicto \u201cDel Aut\u00e9ntico\u201d Lobo"},"content":{"rendered":"<p>\nJohn &ldquo;El Emperador&rdquo; Reneter\u00eda se recuper\u00f3 luego de su derrota por decisi\u00f3n ante Manuel Largacha, para vencer por K.O.T. al invicto p\u00fagil costarricense David &ldquo;El Aut\u00e9ntico&rdquo; Lobo, en combate estelar realizado en el gimnasio Eugenio &ldquo;Yuy\u00edn&rdquo; Luzcando de Betania. <\/p>\n<p>Renter\u00eda inici\u00f3 el combate con dominio total utilizando un estilo de entrar y salir con un permanente jap de izquierda, pero en el quinto asalto el p\u00fagil Lobo, que hasta ese encuentro se manten\u00eda invicto pudo dominar ese asalto con un s\u00f3lidos japs de izquierda y sorpresivos rectos de derecha a la anatom\u00eda &ldquo;Del Emperador&rdquo;. <\/p>\n<p>En el sexto asalto luego de un intercambio de golpes el visitante sali\u00f3 cortado en el p\u00e1rpado izquierdo por lo que el \u00e1rbitro Abdiel Barrag\u00e1n llam\u00f3 al m\u00e9dico para que examinara la herida, quien le dio una oportunidad para que continuara el combate, pero m\u00e1s adelante el \u00e1rbitro barrag\u00e1n al considerar peligrosa la herida dio por terminado el combate y declara ganador a John &ldquo;El Emperador&rdquo; Renter\u00eda. <\/p>\n<p>En otros combates el chorrerano retorna con \u00e9xito al arrebatarle el invicto al colombiano Winner Soto por decisi\u00f3n un\u00e1nime de los jueces, el fronterizo Her\u00e1clides Barrantes venci\u00f3 por K.O.T. en el segundo asalto a Jorge &ldquo;Laca Laca&rdquo; Andrade, el costarricense Freddy Fonseca venci\u00f3 por K.O.T. en el primer asalto al ind\u00edgena Nando Vailar\u00eda. <\/p>\n<p>En emotivo combate Yahar &ldquo;Tayson&rdquo; Callender se recuper\u00f3 de una ca\u00edda en el mismo primer asalto para arrebatarle el invicto al colombiano Greyvin L\u00f3pez, el p\u00fagil colombiano tambi\u00e9n cay\u00f3 finalizando el sexto y \u00faltimo asalto.\u00a0 El invicto colonense Amrit Herrera mantuvo su estatus al vencer por K.O.T. en el segundo asalto al herrerano Ricardo Mendoza. <\/p>\n<p>En el combate de abrir el sante\u00f1o radicado en Felipillo Galindo C\u00e1rdenas noque\u00f3 al inicio del combate a Jonathan Carmona. <\/p>\n","protected":false},"excerpt":{"rendered":"<p>John &ldquo;El Emperador&rdquo; Reneter\u00eda se recuper\u00f3 luego de su derrota <a href=\"https:\/\/sertv.gob.pa\/nacionalfm\/emperador-renteria-acaba-con-invicto-del-autentico-lobo\/\"> [&#8230;]<\/a><\/p>\n","protected":false},"author":1,"featured_media":11115,"comment_status":"closed","ping_status":"closed","sticky":false,"template":"","format":"standard","meta":{"footnotes":""},"categories":[4],"tags":[],"class_list":["post-11114","post","type-post","status-publish","format-standard","has-post-thumbnail","hentry","category-deportes"],"_links":{"self":[{"href":"https:\/\/sertv.gob.pa\/nacionalfm\/wp-json\/wp\/v2\/posts\/11114","targetHints":{"allow":["GET"]}}],"collection":[{"href":"https:\/\/sertv.gob.pa\/nacionalfm\/wp-json\/wp\/v2\/posts"}],"about":[{"href":"https:\/\/sertv.gob.pa\/nacionalfm\/wp-json\/wp\/v2\/types\/post"}],"author":[{"embeddable":true,"href":"https:\/\/sertv.gob.pa\/nacionalfm\/wp-json\/wp\/v2\/users\/1"}],"replies":[{"embeddable":true,"href":"https:\/\/sertv.gob.pa\/nacionalfm\/wp-json\/wp\/v2\/comments?post=11114"}],"version-history":[{"count":0,"href":"https:\/\/sertv.gob.pa\/nacionalfm\/wp-json\/wp\/v2\/posts\/11114\/revisions"}],"wp:featuredmedia":[{"embeddable":true,"href":"https:\/\/sertv.gob.pa\/nacionalfm\/wp-json\/wp\/v2\/media\/11115"}],"wp:attachment":[{"href":"https:\/\/sertv.gob.pa\/nacionalfm\/wp-json\/wp\/v2\/media?parent=11114"}],"wp:term":[{"taxonomy":"category","embeddable":true,"href":"https:\/\/sertv.gob.pa\/nacionalfm\/wp-json\/wp\/v2\/categories?post=11114"},{"taxonomy":"post_tag","embeddable":true,"href":"https:\/\/sertv.gob.pa\/nacionalfm\/wp-json\/wp\/v2\/tags?post=11114"}],"curies":[{"name":"wp","href":"https:\/\/api.w.org\/{rel}","templated":true}]}}