{"id":11128,"date":"2016-03-07T18:32:57","date_gmt":"2016-03-07T18:32:57","guid":{"rendered":""},"modified":"2016-03-07T18:32:57","modified_gmt":"2016-03-07T18:32:57","slug":"una-inyeccion-sera-el-tratamiento-del-sida-en-el-futuro","status":"publish","type":"post","link":"https:\/\/sertv.gob.pa\/nacionalfm\/una-inyeccion-sera-el-tratamiento-del-sida-en-el-futuro\/","title":{"rendered":"Una inyecci\u00f3n ser\u00e1 el tratamiento del Sida en el futuro"},"content":{"rendered":"<p>\nUna inyecci\u00f3n intramuscular compuesta por una combinaci\u00f3n de dos medicamentos, que se administrar\u00e1 cada dos meses, se convertir\u00e1 en los pr\u00f3ximos a\u00f1os en el tratamiento del sida, permitiendo as\u00ed a los pacientes no tener que tomar un f\u00e1rmaco diario. <\/p>\n<p>El jefe de Enfermedades Infecciosas y Sida del Hospital Cl\u00ednic de Barcelona (noreste), Josep Mar\u00eda Gatell, explic\u00f3 que \u00abla adherencia al tratamiento es uno de los principales problemas de la enfermedad\u00bb, ya que algunos pacientes no siguen correctamente las pautas m\u00e9dicas, mientras que \u00abla inyecci\u00f3n les permitir\u00e1 cumplir el tratamiento, mejorando adem\u00e1s su calidad de vida\u00bb. <\/p>\n<p>Gatell tambi\u00e9n se\u00f1al\u00f3 que \u00abeste tratamiento a\u00fan no est\u00e1 comercializado, ya que se encuentra en fase 3 de estudio\u00bb, aunque afirm\u00f3 que \u00absi todo va bien, a mediados de 2018 ya podr\u00eda salir al mercado\u00bb. <\/p>\n<p>Los f\u00e1rmacos que componen la inyecci\u00f3n, seg\u00fan explic\u00f3 el doctor de la Unidad de VIH del Hospital Vall dHebron de Barcelona, Esteban Ribera, \u00aberan medicamentos que ya exist\u00edan pero que han sido reformulados con nanotecnolog\u00eda, por lo que tienen una liberaci\u00f3n m\u00e1s prolongada\u00bb y permitir\u00edan abandonar la necesidad de tomarlos cada d\u00eda. <\/p>\n<p>Por otro lado, Gatell y Ribera destacaron la importancia de la detecci\u00f3n precoz de la enfermedad, as\u00ed como de iniciar el tratamiento inmediatamente luego del diagn\u00f3stico, ya que esto ayuda a luchar mejor contra la enfermedad. <\/p>\n<p>\u00a0 <\/p>\n<p>\u00a0 <\/p>\n","protected":false},"excerpt":{"rendered":"<p>Una inyecci\u00f3n intramuscular compuesta por una combinaci\u00f3n de dos medicamentos, <a href=\"https:\/\/sertv.gob.pa\/nacionalfm\/una-inyeccion-sera-el-tratamiento-del-sida-en-el-futuro\/\"> [&#8230;]<\/a><\/p>\n","protected":false},"author":1,"featured_media":11129,"comment_status":"closed","ping_status":"closed","sticky":false,"template":"","format":"standard","meta":{"footnotes":""},"categories":[5],"tags":[],"class_list":["post-11128","post","type-post","status-publish","format-standard","has-post-thumbnail","hentry","category-salud"],"_links":{"self":[{"href":"https:\/\/sertv.gob.pa\/nacionalfm\/wp-json\/wp\/v2\/posts\/11128","targetHints":{"allow":["GET"]}}],"collection":[{"href":"https:\/\/sertv.gob.pa\/nacionalfm\/wp-json\/wp\/v2\/posts"}],"about":[{"href":"https:\/\/sertv.gob.pa\/nacionalfm\/wp-json\/wp\/v2\/types\/post"}],"author":[{"embeddable":true,"href":"https:\/\/sertv.gob.pa\/nacionalfm\/wp-json\/wp\/v2\/users\/1"}],"replies":[{"embeddable":true,"href":"https:\/\/sertv.gob.pa\/nacionalfm\/wp-json\/wp\/v2\/comments?post=11128"}],"version-history":[{"count":0,"href":"https:\/\/sertv.gob.pa\/nacionalfm\/wp-json\/wp\/v2\/posts\/11128\/revisions"}],"wp:featuredmedia":[{"embeddable":true,"href":"https:\/\/sertv.gob.pa\/nacionalfm\/wp-json\/wp\/v2\/media\/11129"}],"wp:attachment":[{"href":"https:\/\/sertv.gob.pa\/nacionalfm\/wp-json\/wp\/v2\/media?parent=11128"}],"wp:term":[{"taxonomy":"category","embeddable":true,"href":"https:\/\/sertv.gob.pa\/nacionalfm\/wp-json\/wp\/v2\/categories?post=11128"},{"taxonomy":"post_tag","embeddable":true,"href":"https:\/\/sertv.gob.pa\/nacionalfm\/wp-json\/wp\/v2\/tags?post=11128"}],"curies":[{"name":"wp","href":"https:\/\/api.w.org\/{rel}","templated":true}]}}