{"id":11130,"date":"2016-03-07T19:18:56","date_gmt":"2016-03-07T19:18:56","guid":{"rendered":""},"modified":"2016-03-07T19:18:56","modified_gmt":"2016-03-07T19:18:56","slug":"ser-agresivo-de-joven-afecta-a-tu-cerebro-en-la-edad-adulta","status":"publish","type":"post","link":"https:\/\/sertv.gob.pa\/nacionalfm\/ser-agresivo-de-joven-afecta-a-tu-cerebro-en-la-edad-adulta\/","title":{"rendered":"Ser agresivo de joven afecta a tu cerebro en la edad adulta"},"content":{"rendered":"<p>\nLos adultos j\u00f3venes que muestran actitudes hostiles y agresivas y que tienen dificultad para lidiar con el estr\u00e9s diario, pueden experimentar problemas de memoria en la edad adulta, seg\u00fan el \u00faltimo estudio realizado por cient\u00edficos de los Institutos Nacionales de Salud en Bethesda (EE.UU.) y que recoge la revista Neurology. <\/p>\n<p>\u00a0Existen evidencias de que una actitud hostil, por ejemplo, puede disminuir el umbral de activaci\u00f3n de la respuesta al estr\u00e9s. Ahora, esta investigaci\u00f3n profundiza en ello, afirmando que igualmente podr\u00eda tener un impacto en la funci\u00f3n cognitiva y en los perfiles de riesgo vascular asociados al deterioro cognitivo. <\/p>\n<p>\u00a0Los investigadores examinaron una muestra de 3.126 personas en dos etapas diferentes de su vida: primero a los 25 a\u00f1os y, posteriormente, a los 50. En ambos momentos, los voluntarios respondieron un cuestionario acerca de su personalidad, actitud, capacidad para gestionar el estr\u00e9s, y llevaron a cabo unas pruebas sobre sus capacidades cognitivas y de memoria. <\/p>\n<p>\u00a0El an\u00e1lisis de las pruebas cognitivas cuando los voluntarios contaban con una media de 50 a\u00f1os de edad, demostr\u00f3 que las personas con los niveles m\u00e1s altos de agresividad y hostilidad fueron las que peor calificaci\u00f3n obtuvieron en todos los tests, comparado con sus resultados previos cuando ten\u00edan 25 a\u00f1os. <\/p>\n<p>\u00a0 <\/p>\n","protected":false},"excerpt":{"rendered":"<p>Los adultos j\u00f3venes que muestran actitudes hostiles y agresivas y <a href=\"https:\/\/sertv.gob.pa\/nacionalfm\/ser-agresivo-de-joven-afecta-a-tu-cerebro-en-la-edad-adulta\/\"> [&#8230;]<\/a><\/p>\n","protected":false},"author":1,"featured_media":11131,"comment_status":"closed","ping_status":"closed","sticky":false,"template":"","format":"standard","meta":{"footnotes":""},"categories":[5],"tags":[],"class_list":["post-11130","post","type-post","status-publish","format-standard","has-post-thumbnail","hentry","category-salud"],"_links":{"self":[{"href":"https:\/\/sertv.gob.pa\/nacionalfm\/wp-json\/wp\/v2\/posts\/11130","targetHints":{"allow":["GET"]}}],"collection":[{"href":"https:\/\/sertv.gob.pa\/nacionalfm\/wp-json\/wp\/v2\/posts"}],"about":[{"href":"https:\/\/sertv.gob.pa\/nacionalfm\/wp-json\/wp\/v2\/types\/post"}],"author":[{"embeddable":true,"href":"https:\/\/sertv.gob.pa\/nacionalfm\/wp-json\/wp\/v2\/users\/1"}],"replies":[{"embeddable":true,"href":"https:\/\/sertv.gob.pa\/nacionalfm\/wp-json\/wp\/v2\/comments?post=11130"}],"version-history":[{"count":0,"href":"https:\/\/sertv.gob.pa\/nacionalfm\/wp-json\/wp\/v2\/posts\/11130\/revisions"}],"wp:featuredmedia":[{"embeddable":true,"href":"https:\/\/sertv.gob.pa\/nacionalfm\/wp-json\/wp\/v2\/media\/11131"}],"wp:attachment":[{"href":"https:\/\/sertv.gob.pa\/nacionalfm\/wp-json\/wp\/v2\/media?parent=11130"}],"wp:term":[{"taxonomy":"category","embeddable":true,"href":"https:\/\/sertv.gob.pa\/nacionalfm\/wp-json\/wp\/v2\/categories?post=11130"},{"taxonomy":"post_tag","embeddable":true,"href":"https:\/\/sertv.gob.pa\/nacionalfm\/wp-json\/wp\/v2\/tags?post=11130"}],"curies":[{"name":"wp","href":"https:\/\/api.w.org\/{rel}","templated":true}]}}