{"id":11134,"date":"2016-03-07T19:43:54","date_gmt":"2016-03-07T19:43:54","guid":{"rendered":""},"modified":"2016-03-07T19:43:54","modified_gmt":"2016-03-07T19:43:54","slug":"plaza-amador-y-sporting-disputan-el-sotano-de-la-lpf","status":"publish","type":"post","link":"https:\/\/sertv.gob.pa\/nacionalfm\/plaza-amador-y-sporting-disputan-el-sotano-de-la-lpf\/","title":{"rendered":"Plaza Amador y Sporting disputan el s\u00f3tano de la LPF"},"content":{"rendered":"<p>\nEl Plaza Amador y el Sporting san Miguelito se disputan el s\u00f3tano en la Liga Paname\u00f1a de F\u00fatbol con 9 puntos.\u00a0 La tabla de posiciones lo comanda el Atl\u00e9tico Nacional con 18 puntos. <\/p>\n<p>En segundo lugar se encuentra el Tauro con 14 puntos y en tercer lugar se ubican el Chorrillo y el Atl\u00e9tico Chiriqu\u00ed con 13 puntos, le siguen con 12 puntos el San Francisco y el Chepo FC, en tanto que el \u00c1rabe Unido de Col\u00f3n y el Alianza se encuentran con 11 puntos cada uno. <\/p>\n","protected":false},"excerpt":{"rendered":"<p>El Plaza Amador y el Sporting san Miguelito se disputan <a href=\"https:\/\/sertv.gob.pa\/nacionalfm\/plaza-amador-y-sporting-disputan-el-sotano-de-la-lpf\/\"> [&#8230;]<\/a><\/p>\n","protected":false},"author":1,"featured_media":11135,"comment_status":"closed","ping_status":"closed","sticky":false,"template":"","format":"standard","meta":{"footnotes":""},"categories":[4],"tags":[],"class_list":["post-11134","post","type-post","status-publish","format-standard","has-post-thumbnail","hentry","category-deportes"],"_links":{"self":[{"href":"https:\/\/sertv.gob.pa\/nacionalfm\/wp-json\/wp\/v2\/posts\/11134","targetHints":{"allow":["GET"]}}],"collection":[{"href":"https:\/\/sertv.gob.pa\/nacionalfm\/wp-json\/wp\/v2\/posts"}],"about":[{"href":"https:\/\/sertv.gob.pa\/nacionalfm\/wp-json\/wp\/v2\/types\/post"}],"author":[{"embeddable":true,"href":"https:\/\/sertv.gob.pa\/nacionalfm\/wp-json\/wp\/v2\/users\/1"}],"replies":[{"embeddable":true,"href":"https:\/\/sertv.gob.pa\/nacionalfm\/wp-json\/wp\/v2\/comments?post=11134"}],"version-history":[{"count":0,"href":"https:\/\/sertv.gob.pa\/nacionalfm\/wp-json\/wp\/v2\/posts\/11134\/revisions"}],"wp:featuredmedia":[{"embeddable":true,"href":"https:\/\/sertv.gob.pa\/nacionalfm\/wp-json\/wp\/v2\/media\/11135"}],"wp:attachment":[{"href":"https:\/\/sertv.gob.pa\/nacionalfm\/wp-json\/wp\/v2\/media?parent=11134"}],"wp:term":[{"taxonomy":"category","embeddable":true,"href":"https:\/\/sertv.gob.pa\/nacionalfm\/wp-json\/wp\/v2\/categories?post=11134"},{"taxonomy":"post_tag","embeddable":true,"href":"https:\/\/sertv.gob.pa\/nacionalfm\/wp-json\/wp\/v2\/tags?post=11134"}],"curies":[{"name":"wp","href":"https:\/\/api.w.org\/{rel}","templated":true}]}}