{"id":11136,"date":"2016-03-07T22:27:49","date_gmt":"2016-03-07T22:27:49","guid":{"rendered":""},"modified":"2016-03-07T22:27:49","modified_gmt":"2016-03-07T22:27:49","slug":"nueva-plaza-de-boxeo-en-turicentro-tocumen","status":"publish","type":"post","link":"https:\/\/sertv.gob.pa\/nacionalfm\/nueva-plaza-de-boxeo-en-turicentro-tocumen\/","title":{"rendered":"Nueva plaza de boxeo en Turicentro Tocumen"},"content":{"rendered":"<p>\nEl boxeo profesional de Panam\u00e1 cuenta con una nueva plaza box\u00edstica en el Turicentro de Tocumen, en la cual se inaugur\u00f3 el pasado fin de semana con una cartilla de estrellitas en la cual el p\u00fagil John Murillo venci\u00f3 por decisi\u00f3n un\u00e1nime al debutante Ra\u00fal &ldquo;Cachete&rdquo; Casiano. <\/p>\n<p>En otro encuentro de la jornada Gerardo &ldquo;Picapica&rdquo; Murillo debut\u00f3 con \u00e9xito en el boxeo profesional al vencer por decisi\u00f3n un\u00e1nime de los jueces al p\u00fagil de Juan D\u00edaz Alexander Armuelles y en combate femenino la verag\u00fcense Natally Delgado mantuvo su invicto en 4 presentaciones al vencer tambi\u00e9n por decisi\u00f3n un\u00e1nime a Ileana Bonilla. <\/p>\n<p>En dicha cartelera los aficionados pudieron presenciar una exhibici\u00f3n del ex campe\u00f3n mundial minimosca y mosca Roberto &ldquo;La Ara\u00f1a&rdquo; V\u00e1squez. Cabe destacar que la cartilla fue completamente gratis, por cortes\u00eda del diputado Jos\u00e9 Mu\u00f1oz. <\/p>\n","protected":false},"excerpt":{"rendered":"<p>El boxeo profesional de Panam\u00e1 cuenta con una nueva plaza <a href=\"https:\/\/sertv.gob.pa\/nacionalfm\/nueva-plaza-de-boxeo-en-turicentro-tocumen\/\"> [&#8230;]<\/a><\/p>\n","protected":false},"author":1,"featured_media":11137,"comment_status":"closed","ping_status":"closed","sticky":false,"template":"","format":"standard","meta":{"footnotes":""},"categories":[4],"tags":[],"class_list":["post-11136","post","type-post","status-publish","format-standard","has-post-thumbnail","hentry","category-deportes"],"_links":{"self":[{"href":"https:\/\/sertv.gob.pa\/nacionalfm\/wp-json\/wp\/v2\/posts\/11136","targetHints":{"allow":["GET"]}}],"collection":[{"href":"https:\/\/sertv.gob.pa\/nacionalfm\/wp-json\/wp\/v2\/posts"}],"about":[{"href":"https:\/\/sertv.gob.pa\/nacionalfm\/wp-json\/wp\/v2\/types\/post"}],"author":[{"embeddable":true,"href":"https:\/\/sertv.gob.pa\/nacionalfm\/wp-json\/wp\/v2\/users\/1"}],"replies":[{"embeddable":true,"href":"https:\/\/sertv.gob.pa\/nacionalfm\/wp-json\/wp\/v2\/comments?post=11136"}],"version-history":[{"count":0,"href":"https:\/\/sertv.gob.pa\/nacionalfm\/wp-json\/wp\/v2\/posts\/11136\/revisions"}],"wp:featuredmedia":[{"embeddable":true,"href":"https:\/\/sertv.gob.pa\/nacionalfm\/wp-json\/wp\/v2\/media\/11137"}],"wp:attachment":[{"href":"https:\/\/sertv.gob.pa\/nacionalfm\/wp-json\/wp\/v2\/media?parent=11136"}],"wp:term":[{"taxonomy":"category","embeddable":true,"href":"https:\/\/sertv.gob.pa\/nacionalfm\/wp-json\/wp\/v2\/categories?post=11136"},{"taxonomy":"post_tag","embeddable":true,"href":"https:\/\/sertv.gob.pa\/nacionalfm\/wp-json\/wp\/v2\/tags?post=11136"}],"curies":[{"name":"wp","href":"https:\/\/api.w.org\/{rel}","templated":true}]}}