{"id":1115,"date":"2014-08-19T05:00:00","date_gmt":"2014-08-19T05:00:00","guid":{"rendered":""},"modified":"2014-08-19T05:00:00","modified_gmt":"2014-08-19T05:00:00","slug":"cautelosa-esperanza-de-que-puede-frenarse-el-ebola-tiene-la-oms","status":"publish","type":"post","link":"https:\/\/sertv.gob.pa\/nacionalfm\/cautelosa-esperanza-de-que-puede-frenarse-el-ebola-tiene-la-oms\/","title":{"rendered":"Cautelosa esperanza de que puede frenarse el \u00e9bola tiene la OMS"},"content":{"rendered":"<p>\nEl brote de \u00e9bola en \u00c1frica occidental da indicios de que puede ser frenado con medidas adecuadas en Nigeria y Guinea Conakry, aunque mantiene una evoluci\u00f3n dram\u00e1tica en Sierra Leona y, sobre todo, en Liberia, evalu\u00f3 \u00a0la OMS. <\/p>\n<p>Once d\u00edas luego de declarar el \u00e9bola como una emergencia de salud p\u00fablica internacional, la Organizaci\u00f3n Mundial de la Salud (OMS) constat\u00f3 en un comunicado que \u00abla situaci\u00f3n en Lagos, Nigeria, donde el primer caso importado (de un viajero que lleg\u00f3 en avi\u00f3n de Liberia) se detect\u00f3 en julio, parece alentadora\u00bb. <\/p>\n<p>\u00abLa intensidad del rastreo y los esfuerzos en la vigilancia generan un cauteloso optimismo de que la propagaci\u00f3n del virus en Nigeria se puede detener\u00bb, expresaron representantes del organismo que coordina los esfuerzos mundiales para detener la expansi\u00f3n del letal virus. <\/p>\n<p>El actual brote se detect\u00f3 en marzo en Guinea Conakry, desde donde se expandi\u00f3 por Liberia, Sierra Leona y Nigeria, con 2 mil 240 casos registrados, mil 229 de ellos mortales, hasta el s\u00e1bado pasado. <\/p>\n<p>Los quince casos detectados en Nigeria forman parte de una \u00fanica cadena de transmisi\u00f3n del virus, es decir que las cuatro personas que han fallecido en este pa\u00eds y el resto de infectados tuvieron contacto directo con el primer enfermo all\u00ed o con alguno de los que este contagi\u00f3. <\/p>\n<p>Sobre Guinea, los especialistas consideran que no puede darse por sentado que pronto se ganar\u00e1 la batalla contra el \u00e9bola, pero s\u00ed reconocen que hay un nivel de sensibilizaci\u00f3n en la opini\u00f3n p\u00fablica mayor que en el resto de pa\u00edses afectados, lo que es un gran paso adelante. <\/p>\n<p>Desde que se detectaron los primeros casos del actual brote de \u00e9bola en Guinea, \u00abse han encontrado soluciones\u00bb que la OMS calific\u00f3 de \u00abinnovadoras\u00bb.\u00a0 @nacionalFm <\/p>\n<p>\u00a0 <\/p>\n","protected":false},"excerpt":{"rendered":"<p>El brote de \u00e9bola en \u00c1frica occidental da indicios de <a href=\"https:\/\/sertv.gob.pa\/nacionalfm\/cautelosa-esperanza-de-que-puede-frenarse-el-ebola-tiene-la-oms\/\"> [&#8230;]<\/a><\/p>\n","protected":false},"author":1,"featured_media":1116,"comment_status":"closed","ping_status":"closed","sticky":false,"template":"","format":"standard","meta":{"footnotes":""},"categories":[5],"tags":[],"class_list":["post-1115","post","type-post","status-publish","format-standard","has-post-thumbnail","hentry","category-salud"],"_links":{"self":[{"href":"https:\/\/sertv.gob.pa\/nacionalfm\/wp-json\/wp\/v2\/posts\/1115","targetHints":{"allow":["GET"]}}],"collection":[{"href":"https:\/\/sertv.gob.pa\/nacionalfm\/wp-json\/wp\/v2\/posts"}],"about":[{"href":"https:\/\/sertv.gob.pa\/nacionalfm\/wp-json\/wp\/v2\/types\/post"}],"author":[{"embeddable":true,"href":"https:\/\/sertv.gob.pa\/nacionalfm\/wp-json\/wp\/v2\/users\/1"}],"replies":[{"embeddable":true,"href":"https:\/\/sertv.gob.pa\/nacionalfm\/wp-json\/wp\/v2\/comments?post=1115"}],"version-history":[{"count":0,"href":"https:\/\/sertv.gob.pa\/nacionalfm\/wp-json\/wp\/v2\/posts\/1115\/revisions"}],"wp:featuredmedia":[{"embeddable":true,"href":"https:\/\/sertv.gob.pa\/nacionalfm\/wp-json\/wp\/v2\/media\/1116"}],"wp:attachment":[{"href":"https:\/\/sertv.gob.pa\/nacionalfm\/wp-json\/wp\/v2\/media?parent=1115"}],"wp:term":[{"taxonomy":"category","embeddable":true,"href":"https:\/\/sertv.gob.pa\/nacionalfm\/wp-json\/wp\/v2\/categories?post=1115"},{"taxonomy":"post_tag","embeddable":true,"href":"https:\/\/sertv.gob.pa\/nacionalfm\/wp-json\/wp\/v2\/tags?post=1115"}],"curies":[{"name":"wp","href":"https:\/\/api.w.org\/{rel}","templated":true}]}}