{"id":11160,"date":"2016-03-08T18:24:34","date_gmt":"2016-03-08T18:24:34","guid":{"rendered":""},"modified":"2016-03-08T18:24:34","modified_gmt":"2016-03-08T18:24:34","slug":"el-zika-puede-tambien-provocar-mielitis-aguda","status":"publish","type":"post","link":"https:\/\/sertv.gob.pa\/nacionalfm\/el-zika-puede-tambien-provocar-mielitis-aguda\/","title":{"rendered":"El zika puede tambi\u00e9n provocar mielitis aguda"},"content":{"rendered":"<p>\nEl virus del Zika, que causa microcefalia y s\u00edndrome neurol\u00f3gico de Guillain-Barr\u00e9, igualmente puede provocar una grave afecci\u00f3n en los cuatro miembros llamada mielitis aguda, seg\u00fan un caso estudiado en Guadalupe (Antillas francesas). <\/p>\n<p>\u00abSe trata del primer caso publicado con prueba del v\u00ednculo (entre Zika y mielitis) a causa de la presencia del virus en el l\u00edquido cefalorraqu\u00eddeo (de la paciente) nueve d\u00edas antes de los primeros s\u00edntomas cl\u00ednicos\u00bb, expres\u00f3 este martes a la AFP Annie Lannuzel, investigadora del Inserm cuyos trabajos se publicaron en la revista especializada The Lancet. <\/p>\n<p>La mielitis, enfermedad poco frecuente, puede dejar graves secuelas motrices. La presencia de otros virus como los de la varicela o el herpes que pueden causar mielitis fue descartada, ya que los ex\u00e1menes de sangre practicados resultaron negativos, aclara Lannuzel. <\/p>\n<p>La paciente de 15 a\u00f1os presentaba en la fase aguda de su infecci\u00f3n de zika \u00abun d\u00e9ficit motriz en los cuatro miembros, asociado a dolores muy intensos y a una retenci\u00f3n de orina aguda\u00bb, se\u00f1al\u00f3 este martes el Inserm en un comunicado. <\/p>\n<p>La paciente hab\u00eda sido internada a mediados de enero en Pointe-\u00e0-Pitre con una hemiplejia izquierda. \u00abAl d\u00eda de hoy, la paciente sigue hospitalizada, pero sus d\u00edas no est\u00e1n en peligro. Presenta s\u00edntomas de debilidad moderada en ambas piernas, pero camina sin ayuda\u00bb, precisa. \u00a0 <\/p>\n<p>\u00a0 <\/p>\n","protected":false},"excerpt":{"rendered":"<p>El virus del Zika, que causa microcefalia y s\u00edndrome neurol\u00f3gico <a href=\"https:\/\/sertv.gob.pa\/nacionalfm\/el-zika-puede-tambien-provocar-mielitis-aguda\/\"> [&#8230;]<\/a><\/p>\n","protected":false},"author":1,"featured_media":11161,"comment_status":"closed","ping_status":"closed","sticky":false,"template":"","format":"standard","meta":{"footnotes":""},"categories":[5],"tags":[],"class_list":["post-11160","post","type-post","status-publish","format-standard","has-post-thumbnail","hentry","category-salud"],"_links":{"self":[{"href":"https:\/\/sertv.gob.pa\/nacionalfm\/wp-json\/wp\/v2\/posts\/11160","targetHints":{"allow":["GET"]}}],"collection":[{"href":"https:\/\/sertv.gob.pa\/nacionalfm\/wp-json\/wp\/v2\/posts"}],"about":[{"href":"https:\/\/sertv.gob.pa\/nacionalfm\/wp-json\/wp\/v2\/types\/post"}],"author":[{"embeddable":true,"href":"https:\/\/sertv.gob.pa\/nacionalfm\/wp-json\/wp\/v2\/users\/1"}],"replies":[{"embeddable":true,"href":"https:\/\/sertv.gob.pa\/nacionalfm\/wp-json\/wp\/v2\/comments?post=11160"}],"version-history":[{"count":0,"href":"https:\/\/sertv.gob.pa\/nacionalfm\/wp-json\/wp\/v2\/posts\/11160\/revisions"}],"wp:featuredmedia":[{"embeddable":true,"href":"https:\/\/sertv.gob.pa\/nacionalfm\/wp-json\/wp\/v2\/media\/11161"}],"wp:attachment":[{"href":"https:\/\/sertv.gob.pa\/nacionalfm\/wp-json\/wp\/v2\/media?parent=11160"}],"wp:term":[{"taxonomy":"category","embeddable":true,"href":"https:\/\/sertv.gob.pa\/nacionalfm\/wp-json\/wp\/v2\/categories?post=11160"},{"taxonomy":"post_tag","embeddable":true,"href":"https:\/\/sertv.gob.pa\/nacionalfm\/wp-json\/wp\/v2\/tags?post=11160"}],"curies":[{"name":"wp","href":"https:\/\/api.w.org\/{rel}","templated":true}]}}