{"id":11162,"date":"2016-03-08T18:33:45","date_gmt":"2016-03-08T18:33:45","guid":{"rendered":""},"modified":"2016-03-08T18:33:45","modified_gmt":"2016-03-08T18:33:45","slug":"campana-cero-discriminacion-en-la-lucha-contra-vih","status":"publish","type":"post","link":"https:\/\/sertv.gob.pa\/nacionalfm\/campana-cero-discriminacion-en-la-lucha-contra-vih\/","title":{"rendered":"Campa\u00f1a \u201cCero Discriminaci\u00f3n\u201d en la lucha contra VIH"},"content":{"rendered":"<p>\nLa campa\u00f1a Cero Discriminaci\u00f3n, liderada por el Despacho de la Primera Dama, el Ministerio de Salud (MINSA) y el Programa Conjunto de las Naciones Unidas sobre el VIH\/Sida (ONUSIDA), tiene como fin crear un clima de respeto, solidaridad e inclusi\u00f3n para que todas las personas puedan vivir sin temor a ser atacadas o estigmatizadas. <\/p>\n<p>Con esta iniciativa, Panam\u00e1 se une a los esfuerzos mundiales de la campa\u00f1a de ONUSIDA lanzada en diciembre de 2013 por Michel Sidib\u00e9, director Ejecutivo de esta instituci\u00f3n, en colaboraci\u00f3n con la galardonada con el Premio Nobel de la Paz, Daw Aung San Suu Kyi. <\/p>\n<p>La imagen de la campa\u00f1a es una mariposa que simboliza el concepto de cambio y transformaci\u00f3n, enfoc\u00e1ndose en la &ldquo;Cero Discriminaci\u00f3n&rdquo; hacia las personas que est\u00e1n infectadas por el virus. <\/p>\n<p>&ldquo;Con esta campa\u00f1a se pretende sensibilizar a la poblaci\u00f3n general sobre los efectos nocivos de la discriminaci\u00f3n y promover los derechos que tienen todas las personas a una vida plena, digna y productiva&rdquo;, se\u00f1al\u00f3 Alicia S\u00e1nchez, representante de ONUSIDA. <\/p>\n<p>Por su parte, Ana Mar\u00eda De Le\u00f3n, directora de Proyectos del Despacho de la Primera Dama, mencion\u00f3 que actualmente el Estado ha invertido m\u00e1s de 25 millones de d\u00f3lares en programas de atenci\u00f3n, seguimiento y tratamiento dirigidos a las personas diagnosticadas con el VIH y tiene garantizado en un 95% el abastecimiento de los medicamentos para ofrecer la terapia antirretroviral en las 16 cl\u00ednicas que para ese prop\u00f3sito se han habilitado. <\/p>\n<p>De igual forma, el MINSA ha instalado a nivel nacional cl\u00ednicas amigables para la atenci\u00f3n de la poblaci\u00f3n afectada con el VIH. Adem\u00e1s ha implementado programas para prevenci\u00f3n. <\/p>\n<p>Actualmente unas 14,115 personas viven con el VIH en el pa\u00eds y han fallecido, desde el primer caso, 9 mil 621 personas. <\/p>\n<p>\u00a0 <\/p>\n<p>\u00a0 <\/p>\n","protected":false},"excerpt":{"rendered":"<p>La campa\u00f1a Cero Discriminaci\u00f3n, liderada por el Despacho de la <a href=\"https:\/\/sertv.gob.pa\/nacionalfm\/campana-cero-discriminacion-en-la-lucha-contra-vih\/\"> [&#8230;]<\/a><\/p>\n","protected":false},"author":1,"featured_media":11163,"comment_status":"closed","ping_status":"closed","sticky":false,"template":"","format":"standard","meta":{"footnotes":""},"categories":[5],"tags":[],"class_list":["post-11162","post","type-post","status-publish","format-standard","has-post-thumbnail","hentry","category-salud"],"_links":{"self":[{"href":"https:\/\/sertv.gob.pa\/nacionalfm\/wp-json\/wp\/v2\/posts\/11162","targetHints":{"allow":["GET"]}}],"collection":[{"href":"https:\/\/sertv.gob.pa\/nacionalfm\/wp-json\/wp\/v2\/posts"}],"about":[{"href":"https:\/\/sertv.gob.pa\/nacionalfm\/wp-json\/wp\/v2\/types\/post"}],"author":[{"embeddable":true,"href":"https:\/\/sertv.gob.pa\/nacionalfm\/wp-json\/wp\/v2\/users\/1"}],"replies":[{"embeddable":true,"href":"https:\/\/sertv.gob.pa\/nacionalfm\/wp-json\/wp\/v2\/comments?post=11162"}],"version-history":[{"count":0,"href":"https:\/\/sertv.gob.pa\/nacionalfm\/wp-json\/wp\/v2\/posts\/11162\/revisions"}],"wp:featuredmedia":[{"embeddable":true,"href":"https:\/\/sertv.gob.pa\/nacionalfm\/wp-json\/wp\/v2\/media\/11163"}],"wp:attachment":[{"href":"https:\/\/sertv.gob.pa\/nacionalfm\/wp-json\/wp\/v2\/media?parent=11162"}],"wp:term":[{"taxonomy":"category","embeddable":true,"href":"https:\/\/sertv.gob.pa\/nacionalfm\/wp-json\/wp\/v2\/categories?post=11162"},{"taxonomy":"post_tag","embeddable":true,"href":"https:\/\/sertv.gob.pa\/nacionalfm\/wp-json\/wp\/v2\/tags?post=11162"}],"curies":[{"name":"wp","href":"https:\/\/api.w.org\/{rel}","templated":true}]}}