{"id":1117,"date":"2014-08-19T05:00:00","date_gmt":"2014-08-19T05:00:00","guid":{"rendered":""},"modified":"2014-08-19T05:00:00","modified_gmt":"2014-08-19T05:00:00","slug":"primer-marcapaso-biologico-es-creado-por-cardiologos","status":"publish","type":"post","link":"https:\/\/sertv.gob.pa\/nacionalfm\/primer-marcapaso-biologico-es-creado-por-cardiologos\/","title":{"rendered":"Primer marcapaso biol\u00f3gico es creado por cardi\u00f3logos"},"content":{"rendered":"<p>\nLa noticia publicada inicialmente por la revista especializada Science Translational Medicine ha hecho que la comunidad cient\u00edfica exulte por los logros alcanzados luego de m\u00e1s de dos d\u00e9cadas de estudios. <\/p>\n<p>Cardi\u00f3logos del Instituto del Coraz\u00f3n Cedars-Sinai en Estados Unidos han logrado desarrollar una terapia gen\u00e9tica que reprograma las c\u00e9lulas del coraz\u00f3n no especializadas, que logran actuar como un marcapaso biol\u00f3gico. Con eso se consigui\u00f3 que el \u00f3rgano se mantenga latiendo de forma constante. <\/p>\n<p>&lsquo;Este nuevo logro para la comunidad cient\u00edfica representa un gran avance no solo para nosotros como m\u00e9dicos sino para los pacientes, que al final ellos son los m\u00e1s beneficiados con estos descubrimientos&rsquo;, manifest\u00f3 el cardi\u00f3logo norteamericano Cedric Sheffield. <\/p>\n<p>Sheffield, que ve con buenos ojos este reciente descubrimiento, cree necesario que los cardi\u00f3logos de Cedars-Sina\u00ed deben profundizar en sus pruebas m\u00e9dicas, ya que por el momento el marcapaso biol\u00f3gico \u00fanicamente ha sido probado en ratones y no en humanos. <\/p>\n<p>Por su parte la Science Translational Medicine explica que el marcapaso biol\u00f3gico tiene su base en una terapia g\u00e9nica que reprogramar\u00e1 c\u00e9lulas para que se conviertan en c\u00e9lulas nodo sinusales, que emiten impulsos el\u00e9ctricos r\u00edtmicos para controlar los latidos del coraz\u00f3n. <\/p>\n<p>Paralelo al logro alcanzado por los cardi\u00f3logos de Cedars-Sinai, fuentes internas al Centro de Cardiolog\u00eda de Cleveland Clinic han revelado que en sus laboratorios se realizan estudios para la fabricaci\u00f3n de un coraz\u00f3n artificial que pueda ser del tama\u00f1o de una bater\u00eda de control remoto. <\/p>\n<p>&lsquo;Queremos reducir el tama\u00f1o del coraz\u00f3n artificial y hacer uno del tama\u00f1o de una peque\u00f1a bater\u00eda, que sea muy c\u00f3modo para el paciente y que pueda garantizar mayor tiempo de vida. Ya las pruebas se han iniciado y a medida que tengamos nuevo detalles los daremos a conocer&rsquo;, expres\u00f3 el cardi\u00f3logo Andrew Boyle. @nacionalFm <\/p>\n<p>\u00a0 <\/p>\n","protected":false},"excerpt":{"rendered":"<p>La noticia publicada inicialmente por la revista especializada Science Translational <a href=\"https:\/\/sertv.gob.pa\/nacionalfm\/primer-marcapaso-biologico-es-creado-por-cardiologos\/\"> [&#8230;]<\/a><\/p>\n","protected":false},"author":1,"featured_media":1118,"comment_status":"closed","ping_status":"closed","sticky":false,"template":"","format":"standard","meta":{"footnotes":""},"categories":[5],"tags":[],"class_list":["post-1117","post","type-post","status-publish","format-standard","has-post-thumbnail","hentry","category-salud"],"_links":{"self":[{"href":"https:\/\/sertv.gob.pa\/nacionalfm\/wp-json\/wp\/v2\/posts\/1117","targetHints":{"allow":["GET"]}}],"collection":[{"href":"https:\/\/sertv.gob.pa\/nacionalfm\/wp-json\/wp\/v2\/posts"}],"about":[{"href":"https:\/\/sertv.gob.pa\/nacionalfm\/wp-json\/wp\/v2\/types\/post"}],"author":[{"embeddable":true,"href":"https:\/\/sertv.gob.pa\/nacionalfm\/wp-json\/wp\/v2\/users\/1"}],"replies":[{"embeddable":true,"href":"https:\/\/sertv.gob.pa\/nacionalfm\/wp-json\/wp\/v2\/comments?post=1117"}],"version-history":[{"count":0,"href":"https:\/\/sertv.gob.pa\/nacionalfm\/wp-json\/wp\/v2\/posts\/1117\/revisions"}],"wp:featuredmedia":[{"embeddable":true,"href":"https:\/\/sertv.gob.pa\/nacionalfm\/wp-json\/wp\/v2\/media\/1118"}],"wp:attachment":[{"href":"https:\/\/sertv.gob.pa\/nacionalfm\/wp-json\/wp\/v2\/media?parent=1117"}],"wp:term":[{"taxonomy":"category","embeddable":true,"href":"https:\/\/sertv.gob.pa\/nacionalfm\/wp-json\/wp\/v2\/categories?post=1117"},{"taxonomy":"post_tag","embeddable":true,"href":"https:\/\/sertv.gob.pa\/nacionalfm\/wp-json\/wp\/v2\/tags?post=1117"}],"curies":[{"name":"wp","href":"https:\/\/api.w.org\/{rel}","templated":true}]}}