{"id":11182,"date":"2016-03-09T17:17:19","date_gmt":"2016-03-09T17:17:19","guid":{"rendered":""},"modified":"2016-03-09T17:17:19","modified_gmt":"2016-03-09T17:17:19","slug":"panama-runners-lleva-a-cabo-evento-este-domingo-en-clayton","status":"publish","type":"post","link":"https:\/\/sertv.gob.pa\/nacionalfm\/panama-runners-lleva-a-cabo-evento-este-domingo-en-clayton\/","title":{"rendered":"Panam\u00e1 Runners lleva a cabo evento este domingo en Clayton"},"content":{"rendered":"<p>\nEl Panama Runners llevar\u00e1 a cabo este domingo 13 de marzo la segunda \u00a0\u00bd Marat\u00f3n Aguas Cristalinas \u00a0en Clayton con distancias de 21 kil\u00f3metros, 10, 5 y 1 Kil\u00f3metros, seg\u00fan dio a conocer a Nacional FM la directora del Panama Runners Ana Mabel Miranda. <\/p>\n<p>La partida para los 5, 10 y 21 kil\u00f3metros ser\u00e1 a las 6 de la ma\u00f1ana y para los ni\u00f1os de un kil\u00f3metro ser\u00e1 a las 7 de la ma\u00f1ana, en el parque Kiwanis. <\/p>\n<p>El fondista argentino Fernando Revuelta que corri\u00f3 en la primera marat\u00f3n y que en esta oportunidad espera repetir manifest\u00f3 que la ruta es sumamente agradable, que en la mayor parte es plana y ayuda a los corredores a bajar sus tiempos. <\/p>\n","protected":false},"excerpt":{"rendered":"<p>El Panama Runners llevar\u00e1 a cabo este domingo 13 de <a href=\"https:\/\/sertv.gob.pa\/nacionalfm\/panama-runners-lleva-a-cabo-evento-este-domingo-en-clayton\/\"> [&#8230;]<\/a><\/p>\n","protected":false},"author":1,"featured_media":11183,"comment_status":"closed","ping_status":"closed","sticky":false,"template":"","format":"standard","meta":{"footnotes":""},"categories":[4],"tags":[],"class_list":["post-11182","post","type-post","status-publish","format-standard","has-post-thumbnail","hentry","category-deportes"],"_links":{"self":[{"href":"https:\/\/sertv.gob.pa\/nacionalfm\/wp-json\/wp\/v2\/posts\/11182","targetHints":{"allow":["GET"]}}],"collection":[{"href":"https:\/\/sertv.gob.pa\/nacionalfm\/wp-json\/wp\/v2\/posts"}],"about":[{"href":"https:\/\/sertv.gob.pa\/nacionalfm\/wp-json\/wp\/v2\/types\/post"}],"author":[{"embeddable":true,"href":"https:\/\/sertv.gob.pa\/nacionalfm\/wp-json\/wp\/v2\/users\/1"}],"replies":[{"embeddable":true,"href":"https:\/\/sertv.gob.pa\/nacionalfm\/wp-json\/wp\/v2\/comments?post=11182"}],"version-history":[{"count":0,"href":"https:\/\/sertv.gob.pa\/nacionalfm\/wp-json\/wp\/v2\/posts\/11182\/revisions"}],"wp:featuredmedia":[{"embeddable":true,"href":"https:\/\/sertv.gob.pa\/nacionalfm\/wp-json\/wp\/v2\/media\/11183"}],"wp:attachment":[{"href":"https:\/\/sertv.gob.pa\/nacionalfm\/wp-json\/wp\/v2\/media?parent=11182"}],"wp:term":[{"taxonomy":"category","embeddable":true,"href":"https:\/\/sertv.gob.pa\/nacionalfm\/wp-json\/wp\/v2\/categories?post=11182"},{"taxonomy":"post_tag","embeddable":true,"href":"https:\/\/sertv.gob.pa\/nacionalfm\/wp-json\/wp\/v2\/tags?post=11182"}],"curies":[{"name":"wp","href":"https:\/\/api.w.org\/{rel}","templated":true}]}}