{"id":11188,"date":"2016-03-09T18:53:34","date_gmt":"2016-03-09T18:53:34","guid":{"rendered":""},"modified":"2016-03-09T18:53:34","modified_gmt":"2016-03-09T18:53:34","slug":"tres-odontologos-brujos-son-detectados-por-minsa","status":"publish","type":"post","link":"https:\/\/sertv.gob.pa\/nacionalfm\/tres-odontologos-brujos-son-detectados-por-minsa\/","title":{"rendered":"Tres odont\u00f3logos brujos son detectados por Minsa"},"content":{"rendered":"<p>\nLas autoridades del Ministerio de Salud (Minsa) detectaron a 3 falsos odont\u00f3logos de nacionalidad extranjeras trabajando en cl\u00ednicas m\u00e9dicas ubicadas en Pedregal y Las Acacias, corregimiento de Juan D\u00edaz. <\/p>\n<p>Este operativo efectuado ayer, martes, fue dirigido por inspectores del Minsa, funcionarios de la Direcci\u00f3n de Migraci\u00f3n y agentes de la Polic\u00eda Nacional. <\/p>\n<p>Estos falsos odont\u00f3logos de nacionalidad venezolana y colombiana ejerc\u00edan la profesi\u00f3n al margen de la ley nacional. <\/p>\n<p>En el operativo se orden\u00f3 el arresto del venezolano, F\u00e9lix Alberto Vivas P\u00e9rez, acusado de la presunta comisi\u00f3n del ejercicio ilegal de la odontolog\u00eda. <\/p>\n<p>El Minsa se encuentra en la b\u00fasqueda y ubicaci\u00f3n de otras cl\u00ednicas clandestinas. <\/p>\n<p>\u00a0 <\/p>\n","protected":false},"excerpt":{"rendered":"<p>Las autoridades del Ministerio de Salud (Minsa) detectaron a 3 <a href=\"https:\/\/sertv.gob.pa\/nacionalfm\/tres-odontologos-brujos-son-detectados-por-minsa\/\"> [&#8230;]<\/a><\/p>\n","protected":false},"author":1,"featured_media":11189,"comment_status":"closed","ping_status":"closed","sticky":false,"template":"","format":"standard","meta":{"footnotes":""},"categories":[5],"tags":[],"class_list":["post-11188","post","type-post","status-publish","format-standard","has-post-thumbnail","hentry","category-salud"],"_links":{"self":[{"href":"https:\/\/sertv.gob.pa\/nacionalfm\/wp-json\/wp\/v2\/posts\/11188","targetHints":{"allow":["GET"]}}],"collection":[{"href":"https:\/\/sertv.gob.pa\/nacionalfm\/wp-json\/wp\/v2\/posts"}],"about":[{"href":"https:\/\/sertv.gob.pa\/nacionalfm\/wp-json\/wp\/v2\/types\/post"}],"author":[{"embeddable":true,"href":"https:\/\/sertv.gob.pa\/nacionalfm\/wp-json\/wp\/v2\/users\/1"}],"replies":[{"embeddable":true,"href":"https:\/\/sertv.gob.pa\/nacionalfm\/wp-json\/wp\/v2\/comments?post=11188"}],"version-history":[{"count":0,"href":"https:\/\/sertv.gob.pa\/nacionalfm\/wp-json\/wp\/v2\/posts\/11188\/revisions"}],"wp:featuredmedia":[{"embeddable":true,"href":"https:\/\/sertv.gob.pa\/nacionalfm\/wp-json\/wp\/v2\/media\/11189"}],"wp:attachment":[{"href":"https:\/\/sertv.gob.pa\/nacionalfm\/wp-json\/wp\/v2\/media?parent=11188"}],"wp:term":[{"taxonomy":"category","embeddable":true,"href":"https:\/\/sertv.gob.pa\/nacionalfm\/wp-json\/wp\/v2\/categories?post=11188"},{"taxonomy":"post_tag","embeddable":true,"href":"https:\/\/sertv.gob.pa\/nacionalfm\/wp-json\/wp\/v2\/tags?post=11188"}],"curies":[{"name":"wp","href":"https:\/\/api.w.org\/{rel}","templated":true}]}}