{"id":11190,"date":"2016-03-09T19:01:24","date_gmt":"2016-03-09T19:01:24","guid":{"rendered":""},"modified":"2016-03-09T19:01:24","modified_gmt":"2016-03-09T19:01:24","slug":"3-nuevos-supuestos-casos-de-la-enfermedad-del-hombre-arbol","status":"publish","type":"post","link":"https:\/\/sertv.gob.pa\/nacionalfm\/3-nuevos-supuestos-casos-de-la-enfermedad-del-hombre-arbol\/","title":{"rendered":"3 nuevos supuestos casos de la enfermedad del hombre \u00e1rbol"},"content":{"rendered":"<p>\nDos hombres y un ni\u00f1o supuestamente con la enfermedad del hombre \u00e1rbol fueron atendidos hoy en una cl\u00ednica del norte de Bangladesh, con aparatosas verrugas en manos y pies con apariencia de corteza de \u00e1rbol, inform\u00f3 a Efe un responsable m\u00e9dico. <\/p>\n<p>Estos nuevos casos llegan apenas dos semanas luego de que el joven Abul Bajandar, del sur del pa\u00eds, fuera parcialmente operado con \u00e9xito en Dacca de esta extra\u00f1a dolencia, conocida como epidermodisplasia verruciforme y de la que se tiene constancia de muy pocos pacientes en el mundo. <\/p>\n<p>\u00abEn sus u\u00f1as han crecido prolongaciones y las palmas est\u00e1n cubiertas por grandes verrugas. Creemos que se trata de la enfermedad del hombre-\u00e1rbol\u00bb, afirm\u00f3 Ziaur Rahman, jefe del centro m\u00e9dico de distrito de Pirganj en el que fueron atendidos, en la provincia septentrional de Rangpur. <\/p>\n<p>Seg\u00fan Rahman, los pacientes -Baset Al\u00ed, de 55 a\u00f1os; su hermano Tajul Islam, de 48, y el hijo de este, Ruhul Amin, de ocho- llevan sufriendo estos problemas desde hace mucho tiempo y en la actualidad mendigan para salir adelante, pues la enfermedad les impide trabajar. <\/p>\n<p>La fuente a\u00f1adi\u00f3 que Al\u00ed se hab\u00eda cortado recientemente las verrugas, lo que le ha causado una gran p\u00e9rdida de sangre y que el padre de los hermanos, ya fallecido, hab\u00eda sufrido supuestamente la misma enfermedad. <\/p>\n<p>Los pacientes ser\u00e1n trasladados ma\u00f1ana al principal hospital p\u00fablico provincial, en la ciudad de Rangpur, donde ser\u00e1n examinados en mayor profundidad, a la espera de ser eventualmente enviados al Hospital Universitario de Dacca, donde fue operado a finales de febrero Bajandar y que ha solicitado su ingreso. <\/p>\n<p>\u00a0 <\/p>\n","protected":false},"excerpt":{"rendered":"<p>Dos hombres y un ni\u00f1o supuestamente con la enfermedad del <a href=\"https:\/\/sertv.gob.pa\/nacionalfm\/3-nuevos-supuestos-casos-de-la-enfermedad-del-hombre-arbol\/\"> [&#8230;]<\/a><\/p>\n","protected":false},"author":1,"featured_media":11191,"comment_status":"closed","ping_status":"closed","sticky":false,"template":"","format":"standard","meta":{"footnotes":""},"categories":[5],"tags":[],"class_list":["post-11190","post","type-post","status-publish","format-standard","has-post-thumbnail","hentry","category-salud"],"_links":{"self":[{"href":"https:\/\/sertv.gob.pa\/nacionalfm\/wp-json\/wp\/v2\/posts\/11190","targetHints":{"allow":["GET"]}}],"collection":[{"href":"https:\/\/sertv.gob.pa\/nacionalfm\/wp-json\/wp\/v2\/posts"}],"about":[{"href":"https:\/\/sertv.gob.pa\/nacionalfm\/wp-json\/wp\/v2\/types\/post"}],"author":[{"embeddable":true,"href":"https:\/\/sertv.gob.pa\/nacionalfm\/wp-json\/wp\/v2\/users\/1"}],"replies":[{"embeddable":true,"href":"https:\/\/sertv.gob.pa\/nacionalfm\/wp-json\/wp\/v2\/comments?post=11190"}],"version-history":[{"count":0,"href":"https:\/\/sertv.gob.pa\/nacionalfm\/wp-json\/wp\/v2\/posts\/11190\/revisions"}],"wp:featuredmedia":[{"embeddable":true,"href":"https:\/\/sertv.gob.pa\/nacionalfm\/wp-json\/wp\/v2\/media\/11191"}],"wp:attachment":[{"href":"https:\/\/sertv.gob.pa\/nacionalfm\/wp-json\/wp\/v2\/media?parent=11190"}],"wp:term":[{"taxonomy":"category","embeddable":true,"href":"https:\/\/sertv.gob.pa\/nacionalfm\/wp-json\/wp\/v2\/categories?post=11190"},{"taxonomy":"post_tag","embeddable":true,"href":"https:\/\/sertv.gob.pa\/nacionalfm\/wp-json\/wp\/v2\/tags?post=11190"}],"curies":[{"name":"wp","href":"https:\/\/api.w.org\/{rel}","templated":true}]}}