{"id":11204,"date":"2016-03-10T14:54:12","date_gmt":"2016-03-10T14:54:12","guid":{"rendered":""},"modified":"2016-03-10T14:54:12","modified_gmt":"2016-03-10T14:54:12","slug":"hoy-se-conmemora-el-dia-mundial-del-rinon","status":"publish","type":"post","link":"https:\/\/sertv.gob.pa\/nacionalfm\/hoy-se-conmemora-el-dia-mundial-del-rinon\/","title":{"rendered":"Hoy se conmemora el D\u00eda Mundial del Ri\u00f1\u00f3n"},"content":{"rendered":"<p>\nSin los  ri\u00f1ones , dos \u00f3rganos del tama\u00f1o del pu\u00f1o que se localizan cerca de la mitad de la espalda, la vida humana no ser\u00eda posible. <\/p>\n<p>En ellos recae la funci\u00f3n de  limpiar el cuerpo  de toxinas al filtrar, absorber y excretar sustancias t\u00f3xicas de la  sangre  para eliminarlas a trav\u00e9s de la orina, y \u00e9sta termina fluyendo desde los ri\u00f1ones hasta la vejiga. Pero si los ri\u00f1ones dejan de funcionar (insuficiencia renal), la salud de la persona se compromete. <\/p>\n<p>Los pacientes que son diab\u00e9ticos e hipertensos pertenecen a los grupos en riesgo de padecer insuficiencia renal, afirma el m\u00e9dico nefr\u00f3logo C\u00e9sar Cuero, director de la   Organizaci\u00f3n Paname\u00f1a de Trasplante . \u00a0 <\/p>\n<p> Hoy 10 de marzo se conmemora el D\u00eda Mundial del Ri\u00f1\u00f3n , y este a\u00f1o tiene como lema &ldquo;  Act\u00fae temprano para prevenirla &rdquo;, haciendo alusi\u00f3n a que la insuficiencia renal puede presentarse desde la ni\u00f1ez. <\/p>\n<p>En el caso de Panam\u00e1,  actualmente hay 225 pacientes con insuficiencia renal inscritos en la Lista de Espera Nacional del Programa de Trasplante Renal hasta febrero pasado , seg\u00fan el doctor Cuero. <\/p>\n<p>Para evitarla, ambos especialistas recomiendan llevar una alimentaci\u00f3n balanceada, practicar actividad f\u00edsica y no fumar. <\/p>\n<p>\u00a0 <\/p>\n","protected":false},"excerpt":{"rendered":"<p>Sin los ri\u00f1ones , dos \u00f3rganos del tama\u00f1o del pu\u00f1o <a href=\"https:\/\/sertv.gob.pa\/nacionalfm\/hoy-se-conmemora-el-dia-mundial-del-rinon\/\"> [&#8230;]<\/a><\/p>\n","protected":false},"author":1,"featured_media":11205,"comment_status":"closed","ping_status":"closed","sticky":false,"template":"","format":"standard","meta":{"footnotes":""},"categories":[5],"tags":[],"class_list":["post-11204","post","type-post","status-publish","format-standard","has-post-thumbnail","hentry","category-salud"],"_links":{"self":[{"href":"https:\/\/sertv.gob.pa\/nacionalfm\/wp-json\/wp\/v2\/posts\/11204","targetHints":{"allow":["GET"]}}],"collection":[{"href":"https:\/\/sertv.gob.pa\/nacionalfm\/wp-json\/wp\/v2\/posts"}],"about":[{"href":"https:\/\/sertv.gob.pa\/nacionalfm\/wp-json\/wp\/v2\/types\/post"}],"author":[{"embeddable":true,"href":"https:\/\/sertv.gob.pa\/nacionalfm\/wp-json\/wp\/v2\/users\/1"}],"replies":[{"embeddable":true,"href":"https:\/\/sertv.gob.pa\/nacionalfm\/wp-json\/wp\/v2\/comments?post=11204"}],"version-history":[{"count":0,"href":"https:\/\/sertv.gob.pa\/nacionalfm\/wp-json\/wp\/v2\/posts\/11204\/revisions"}],"wp:featuredmedia":[{"embeddable":true,"href":"https:\/\/sertv.gob.pa\/nacionalfm\/wp-json\/wp\/v2\/media\/11205"}],"wp:attachment":[{"href":"https:\/\/sertv.gob.pa\/nacionalfm\/wp-json\/wp\/v2\/media?parent=11204"}],"wp:term":[{"taxonomy":"category","embeddable":true,"href":"https:\/\/sertv.gob.pa\/nacionalfm\/wp-json\/wp\/v2\/categories?post=11204"},{"taxonomy":"post_tag","embeddable":true,"href":"https:\/\/sertv.gob.pa\/nacionalfm\/wp-json\/wp\/v2\/tags?post=11204"}],"curies":[{"name":"wp","href":"https:\/\/api.w.org\/{rel}","templated":true}]}}