{"id":11214,"date":"2016-03-10T15:48:28","date_gmt":"2016-03-10T15:48:28","guid":{"rendered":""},"modified":"2016-03-10T15:48:28","modified_gmt":"2016-03-10T15:48:28","slug":"primer-trasplante-de-utero-en-estados-unidos-fracasa","status":"publish","type":"post","link":"https:\/\/sertv.gob.pa\/nacionalfm\/primer-trasplante-de-utero-en-estados-unidos-fracasa\/","title":{"rendered":"Primer trasplante de \u00fatero en Estados Unidos fracasa"},"content":{"rendered":"<p>\nEl primer trasplante de \u00fatero en el pa\u00eds fracas\u00f3, anunci\u00f3 la  Cleveland Clinic , a\u00f1adiendo que los cirujanos retiraron el \u00f3rgano. <\/p>\n<p>Una mujer de 26 a\u00f1os recibi\u00f3 el trasplante el 24 de febrero y todo parec\u00eda transcurrir adecuadamente, incluso la mujer apareci\u00f3 brevemente el lunes con sus cirujanos en una conferencia de prensa. Pero la mujer  sufri\u00f3 una complicaci\u00f3n repentina  que requiri\u00f3 el retiro quir\u00fargico del \u00fatero al siguiente d\u00eda, manifest\u00f3 personal del \u00a0hospital. <\/p>\n<p>La paciente, identificada s\u00f3lo como Lindsey, se est\u00e1 recuperando de esa operaci\u00f3n, mientras m\u00e9dicos y pat\u00f3logos tratan de determinar que sali\u00f3 mal. No se proporcion\u00f3 informaci\u00f3n respecto a la naturaleza de la complicaci\u00f3n. <\/p>\n<p>\u00a0 <\/p>\n<p>\u00a0 <\/p>\n","protected":false},"excerpt":{"rendered":"<p>El primer trasplante de \u00fatero en el pa\u00eds fracas\u00f3, anunci\u00f3 <a href=\"https:\/\/sertv.gob.pa\/nacionalfm\/primer-trasplante-de-utero-en-estados-unidos-fracasa\/\"> [&#8230;]<\/a><\/p>\n","protected":false},"author":1,"featured_media":11215,"comment_status":"closed","ping_status":"closed","sticky":false,"template":"","format":"standard","meta":{"footnotes":""},"categories":[5],"tags":[],"class_list":["post-11214","post","type-post","status-publish","format-standard","has-post-thumbnail","hentry","category-salud"],"_links":{"self":[{"href":"https:\/\/sertv.gob.pa\/nacionalfm\/wp-json\/wp\/v2\/posts\/11214","targetHints":{"allow":["GET"]}}],"collection":[{"href":"https:\/\/sertv.gob.pa\/nacionalfm\/wp-json\/wp\/v2\/posts"}],"about":[{"href":"https:\/\/sertv.gob.pa\/nacionalfm\/wp-json\/wp\/v2\/types\/post"}],"author":[{"embeddable":true,"href":"https:\/\/sertv.gob.pa\/nacionalfm\/wp-json\/wp\/v2\/users\/1"}],"replies":[{"embeddable":true,"href":"https:\/\/sertv.gob.pa\/nacionalfm\/wp-json\/wp\/v2\/comments?post=11214"}],"version-history":[{"count":0,"href":"https:\/\/sertv.gob.pa\/nacionalfm\/wp-json\/wp\/v2\/posts\/11214\/revisions"}],"wp:featuredmedia":[{"embeddable":true,"href":"https:\/\/sertv.gob.pa\/nacionalfm\/wp-json\/wp\/v2\/media\/11215"}],"wp:attachment":[{"href":"https:\/\/sertv.gob.pa\/nacionalfm\/wp-json\/wp\/v2\/media?parent=11214"}],"wp:term":[{"taxonomy":"category","embeddable":true,"href":"https:\/\/sertv.gob.pa\/nacionalfm\/wp-json\/wp\/v2\/categories?post=11214"},{"taxonomy":"post_tag","embeddable":true,"href":"https:\/\/sertv.gob.pa\/nacionalfm\/wp-json\/wp\/v2\/tags?post=11214"}],"curies":[{"name":"wp","href":"https:\/\/api.w.org\/{rel}","templated":true}]}}