{"id":11228,"date":"2016-03-11T05:00:00","date_gmt":"2016-03-11T05:00:00","guid":{"rendered":""},"modified":"2016-03-11T05:00:00","modified_gmt":"2016-03-11T05:00:00","slug":"el-sida-no-fue-introducido-a-eu-por-paciente-cero","status":"publish","type":"post","link":"https:\/\/sertv.gob.pa\/nacionalfm\/el-sida-no-fue-introducido-a-eu-por-paciente-cero\/","title":{"rendered":"El sida no fue introducido a EU por \u201cPaciente Cero\u201d"},"content":{"rendered":"<p>\nUn sobrecargo canadiense al que se atribuy\u00f3 en la d\u00e9cada de 1980 el haber introducido y difundido el virus del sida en Estados Unidos, apodado el \u00abPaciente Cero\u00bb, no desempe\u00f1\u00f3 en realidad ese papel, determin\u00f3 un equipo de investigadores estadounidenses. <\/p>\n<p>\u00abNo hay prueba biol\u00f3gica ni hist\u00f3rica de que el &#8216;Paciente Cero&#8217; fuese el primer caso en Estados Unidos\u00bb, seg\u00fan concluy\u00f3 un estudio dirigido por investigadores de la Universidad de Tucson (Arizona) y presentado en una conferencia en Boston. Las conclusiones no han sido a\u00fan publicadas en detalle. <\/p>\n<p>El equipo, dirigido por el profesor de biolog\u00eda Michael Worobey, analiz\u00f3 el genoma del virus contenido en ocho muestras de sangre de enfermos estadounidenses, que eran parte de los nueve genomas m\u00e1s antiguos recuperados en el mundo hasta ahora, obtenidos en 1978-1979, as\u00ed como el del \u00abPaciente Cero\u00bb, conseguido en 1983. <\/p>\n<p>Este \u00faltimo, el sobrecargo canadiense Ga\u00e9tan Dugas, hab\u00eda sido designado por el periodista Randy Shilts en su libro \u00abAnd the band played on\u00bb (Y la banda toc\u00f3, de 1987) como el hombre que hab\u00eda introducido el VIH a Estados Unidos y como quien lo disemin\u00f3 con sus m\u00faltiples viajes y su vida disipada, recuerda la revista Science. <\/p>\n<p>Pero al combinar los an\u00e1lisis moleculares, filogen\u00e9ticos (lazos de parentesco entre organismos vivos que permiten componer un \u00e1rbol gen\u00e9tico) e hist\u00f3ricos, el equipo del profesor Worobey estableci\u00f3 que el virus hab\u00eda sido transferido desde \u00c1frica al Caribe (Hait\u00ed principalmente) entre 1964 y 1970 (probablemente antes de 1967), antes de entrar a Estados Unidos por Nueva York entre 1969 y 1973 (probablemente antes de 1971). <\/p>\n<p>El virus, cuyo genoma muta con cada duplicaci\u00f3n permitiendo crear una historia geogr\u00e1fica, a continuaci\u00f3n fue transportado a San Francisco (antes de 1975) \u00abcon una importante mezcla geogr\u00e1fica en Estados Unidos y otros lugares poco despu\u00e9s\u00bb, seg\u00fan el resumen. <\/p>\n<p>Gracias al \u00e1rbol geneal\u00f3gico realizado, los cient\u00edficos determinaron que el genoma del \u00abPaciente Cero\u00bb no se situaba en el comienzo del \u00e1rbol geneal\u00f3gico de los primeros a\u00f1os de la epidemia en Estados Unidos, sino \u00abcasi al medio\u00bb, se\u00f1al\u00f3 la revista Science. <\/p>\n<p>Esto demuestra \u00abclaramente\u00bb que Ga\u00e9tan Dugas, fallecido 1984, no introdujo el sida en Estados Unidos, concluye la revista. <\/p>\n<p>\u00a0 <\/p>\n","protected":false},"excerpt":{"rendered":"<p>Un sobrecargo canadiense al que se atribuy\u00f3 en la d\u00e9cada <a href=\"https:\/\/sertv.gob.pa\/nacionalfm\/el-sida-no-fue-introducido-a-eu-por-paciente-cero\/\"> [&#8230;]<\/a><\/p>\n","protected":false},"author":1,"featured_media":11229,"comment_status":"closed","ping_status":"closed","sticky":false,"template":"","format":"standard","meta":{"footnotes":""},"categories":[5],"tags":[],"class_list":["post-11228","post","type-post","status-publish","format-standard","has-post-thumbnail","hentry","category-salud"],"_links":{"self":[{"href":"https:\/\/sertv.gob.pa\/nacionalfm\/wp-json\/wp\/v2\/posts\/11228","targetHints":{"allow":["GET"]}}],"collection":[{"href":"https:\/\/sertv.gob.pa\/nacionalfm\/wp-json\/wp\/v2\/posts"}],"about":[{"href":"https:\/\/sertv.gob.pa\/nacionalfm\/wp-json\/wp\/v2\/types\/post"}],"author":[{"embeddable":true,"href":"https:\/\/sertv.gob.pa\/nacionalfm\/wp-json\/wp\/v2\/users\/1"}],"replies":[{"embeddable":true,"href":"https:\/\/sertv.gob.pa\/nacionalfm\/wp-json\/wp\/v2\/comments?post=11228"}],"version-history":[{"count":0,"href":"https:\/\/sertv.gob.pa\/nacionalfm\/wp-json\/wp\/v2\/posts\/11228\/revisions"}],"wp:featuredmedia":[{"embeddable":true,"href":"https:\/\/sertv.gob.pa\/nacionalfm\/wp-json\/wp\/v2\/media\/11229"}],"wp:attachment":[{"href":"https:\/\/sertv.gob.pa\/nacionalfm\/wp-json\/wp\/v2\/media?parent=11228"}],"wp:term":[{"taxonomy":"category","embeddable":true,"href":"https:\/\/sertv.gob.pa\/nacionalfm\/wp-json\/wp\/v2\/categories?post=11228"},{"taxonomy":"post_tag","embeddable":true,"href":"https:\/\/sertv.gob.pa\/nacionalfm\/wp-json\/wp\/v2\/tags?post=11228"}],"curies":[{"name":"wp","href":"https:\/\/api.w.org\/{rel}","templated":true}]}}