{"id":11244,"date":"2016-03-11T16:12:04","date_gmt":"2016-03-11T16:12:04","guid":{"rendered":""},"modified":"2016-03-11T16:12:04","modified_gmt":"2016-03-11T16:12:04","slug":"procedimiento-con-celulas-madre-acaba-con-las-cataratas","status":"publish","type":"post","link":"https:\/\/sertv.gob.pa\/nacionalfm\/procedimiento-con-celulas-madre-acaba-con-las-cataratas\/","title":{"rendered":"Procedimiento con c\u00e9lulas madre acaba con las cataratas"},"content":{"rendered":"<p>\nUn procedimiento pionero para regenerar los ojos con c\u00e9lulas madre se realiz\u00f3 con \u00e9xito en ni\u00f1os con cataratas en China. <\/p>\n<p>M\u00e1s de la mitad de todos los casos de ceguera son ocasionados por las cataratas, que ocurren cuando el cristalino del ojo se nubla. <\/p>\n<p>Normalmente se necesita un implante artificial de cristalino (o lente intraocular) para restaurar la vista,  pero la operaci\u00f3n descrita en la revista cient\u00edfica  \u00abNature\u00bb  activa las c\u00e9lulas madre en el ojo para regenerarlo . <\/p>\n<p>Los expertos describen el avance como uno de los mayores logros de la medicina regenerativa. <\/p>\n<p>\u00a0 <\/p>\n","protected":false},"excerpt":{"rendered":"<p>Un procedimiento pionero para regenerar los ojos con c\u00e9lulas madre <a href=\"https:\/\/sertv.gob.pa\/nacionalfm\/procedimiento-con-celulas-madre-acaba-con-las-cataratas\/\"> [&#8230;]<\/a><\/p>\n","protected":false},"author":1,"featured_media":11245,"comment_status":"closed","ping_status":"closed","sticky":false,"template":"","format":"standard","meta":{"footnotes":""},"categories":[5],"tags":[],"class_list":["post-11244","post","type-post","status-publish","format-standard","has-post-thumbnail","hentry","category-salud"],"_links":{"self":[{"href":"https:\/\/sertv.gob.pa\/nacionalfm\/wp-json\/wp\/v2\/posts\/11244","targetHints":{"allow":["GET"]}}],"collection":[{"href":"https:\/\/sertv.gob.pa\/nacionalfm\/wp-json\/wp\/v2\/posts"}],"about":[{"href":"https:\/\/sertv.gob.pa\/nacionalfm\/wp-json\/wp\/v2\/types\/post"}],"author":[{"embeddable":true,"href":"https:\/\/sertv.gob.pa\/nacionalfm\/wp-json\/wp\/v2\/users\/1"}],"replies":[{"embeddable":true,"href":"https:\/\/sertv.gob.pa\/nacionalfm\/wp-json\/wp\/v2\/comments?post=11244"}],"version-history":[{"count":0,"href":"https:\/\/sertv.gob.pa\/nacionalfm\/wp-json\/wp\/v2\/posts\/11244\/revisions"}],"wp:featuredmedia":[{"embeddable":true,"href":"https:\/\/sertv.gob.pa\/nacionalfm\/wp-json\/wp\/v2\/media\/11245"}],"wp:attachment":[{"href":"https:\/\/sertv.gob.pa\/nacionalfm\/wp-json\/wp\/v2\/media?parent=11244"}],"wp:term":[{"taxonomy":"category","embeddable":true,"href":"https:\/\/sertv.gob.pa\/nacionalfm\/wp-json\/wp\/v2\/categories?post=11244"},{"taxonomy":"post_tag","embeddable":true,"href":"https:\/\/sertv.gob.pa\/nacionalfm\/wp-json\/wp\/v2\/tags?post=11244"}],"curies":[{"name":"wp","href":"https:\/\/api.w.org\/{rel}","templated":true}]}}