{"id":11250,"date":"2016-03-11T17:56:13","date_gmt":"2016-03-11T17:56:13","guid":{"rendered":""},"modified":"2016-03-11T17:56:13","modified_gmt":"2016-03-11T17:56:13","slug":"cientifico-saca-su-ciencia-y-aniquila-a-largacha","status":"publish","type":"post","link":"https:\/\/sertv.gob.pa\/nacionalfm\/cientifico-saca-su-ciencia-y-aniquila-a-largacha\/","title":{"rendered":"\u201cCient\u00edfico\u201d saca su ciencia y aniquila a Largacha"},"content":{"rendered":"<p>\nRicardo &ldquo;El Cient\u00edfico&rdquo; N\u00fa\u00f1ez en esta ocasi\u00f3n hizo gala de su mote e inici\u00f3 con inteligencia utilizando un jab de izquierda para mantener a su rival a distancia, con desplazamientos precisos y vence por K.O. en dos asaltos a Manuel Largacha, quien qued\u00f3 inconsciente por varios segundos. <\/p>\n<p>N\u00fa\u00f1ez desde la primera mitad del primer asalto coloc\u00f3 un gancho de izquierda en la mand\u00edbula de Largacha, quien a duras penas logr\u00f3 capear el temporal para finalizar ese asalto y ya para el segundo &ldquo;El Cient\u00edfico&rdquo; con gran dominio de la media distancia coloc\u00f3 golpes muy precisos a la mand\u00edbula de Largacha que dieron con su humanidad al enlonado para escuchar la cuenta completa de los 10 segundos por parte del \u00e1rbitro Omar Quijada.\u00a0 <\/p>\n<p>Cabe destacar que Manuel Largacha sali\u00f3 sin ning\u00fan plan de combate a tratar de definir el encuentro temprano. <\/p>\n<p>En otros combates de la jornada Azael &ldquo;Cadelilla&rdquo; Villar venci\u00f3 por decisi\u00f3n un\u00e1nime de los jueces al chiricano Walter &ldquo;El Rat\u00f3n de Oro&rdquo; Tello, Jefries Rosales sorprendi\u00f3 a los entendidos al vencer por decisi\u00f3n un\u00e1nime de los jueces al puertorrique\u00f1o Emmanuel De Jes\u00fas clasificado n\u00famero 15 de la Asociaci\u00f3n Mundial de Boxeo por decisi\u00f3n un\u00e1nime. <\/p>\n<p>Ferm\u00edn Garc\u00eda y Elvis Salda\u00f1a empataron, en combate a 6 asaltos, Adir &ldquo;The Viper&rdquo; S\u00e1nchez venci\u00f3 por K.O.T. en dos asaltos a Julio &ldquo;Dinamita&rdquo; Cama\u00f1o en combate de desempate y en la pelea de abrir John Valencia y Carlos Montenegro empataron en combate pactado a 4 rondas. <\/p>\n<p>\u00a0 \u00a0 \u00a0 \u00a0 \u00a0 \u00a0 \u00a0 \u00a0 \u00a0 \u00a0 \u00a0 \u00a0 \u00a0 \u00a0 \u00a0 \u00a0 \u00a0 \u00a0 \u00a0 \u00a0 \u00a0 \u00a0 \u00a0 \u00a0 \u00a0 \u00a0 \u00a0 \u00a0 \u00a0 \u00a0 \u00a0 \u00a0 \u00a0 \u00a0 <\/p>\n","protected":false},"excerpt":{"rendered":"<p>Ricardo &ldquo;El Cient\u00edfico&rdquo; N\u00fa\u00f1ez en esta ocasi\u00f3n hizo gala de <a href=\"https:\/\/sertv.gob.pa\/nacionalfm\/cientifico-saca-su-ciencia-y-aniquila-a-largacha\/\"> [&#8230;]<\/a><\/p>\n","protected":false},"author":1,"featured_media":11251,"comment_status":"closed","ping_status":"closed","sticky":false,"template":"","format":"standard","meta":{"footnotes":""},"categories":[4],"tags":[],"class_list":["post-11250","post","type-post","status-publish","format-standard","has-post-thumbnail","hentry","category-deportes"],"_links":{"self":[{"href":"https:\/\/sertv.gob.pa\/nacionalfm\/wp-json\/wp\/v2\/posts\/11250","targetHints":{"allow":["GET"]}}],"collection":[{"href":"https:\/\/sertv.gob.pa\/nacionalfm\/wp-json\/wp\/v2\/posts"}],"about":[{"href":"https:\/\/sertv.gob.pa\/nacionalfm\/wp-json\/wp\/v2\/types\/post"}],"author":[{"embeddable":true,"href":"https:\/\/sertv.gob.pa\/nacionalfm\/wp-json\/wp\/v2\/users\/1"}],"replies":[{"embeddable":true,"href":"https:\/\/sertv.gob.pa\/nacionalfm\/wp-json\/wp\/v2\/comments?post=11250"}],"version-history":[{"count":0,"href":"https:\/\/sertv.gob.pa\/nacionalfm\/wp-json\/wp\/v2\/posts\/11250\/revisions"}],"wp:featuredmedia":[{"embeddable":true,"href":"https:\/\/sertv.gob.pa\/nacionalfm\/wp-json\/wp\/v2\/media\/11251"}],"wp:attachment":[{"href":"https:\/\/sertv.gob.pa\/nacionalfm\/wp-json\/wp\/v2\/media?parent=11250"}],"wp:term":[{"taxonomy":"category","embeddable":true,"href":"https:\/\/sertv.gob.pa\/nacionalfm\/wp-json\/wp\/v2\/categories?post=11250"},{"taxonomy":"post_tag","embeddable":true,"href":"https:\/\/sertv.gob.pa\/nacionalfm\/wp-json\/wp\/v2\/tags?post=11250"}],"curies":[{"name":"wp","href":"https:\/\/api.w.org\/{rel}","templated":true}]}}