{"id":11254,"date":"2016-03-11T18:40:19","date_gmt":"2016-03-11T18:40:19","guid":{"rendered":""},"modified":"2016-03-11T18:40:19","modified_gmt":"2016-03-11T18:40:19","slug":"carolena-cartens-clasifica-en-taekwondo-para-jo-de-rio","status":"publish","type":"post","link":"https:\/\/sertv.gob.pa\/nacionalfm\/carolena-cartens-clasifica-en-taekwondo-para-jo-de-rio\/","title":{"rendered":"Carolena Cartens clasifica en Taekwondo para JO de R\u00edo"},"content":{"rendered":"<p>\nLa paname\u00f1a Caronena Carstens se convirti\u00f3 en la cuarta paname\u00f1a en lograr su clasificaci\u00f3n a los Juegos Ol\u00edmpicos de R\u00edo de Janeiro 2016, al conseguir este jueves uno de los dos cupos disponibles en la categor\u00eda de los 57 kilogramos en la disciplina del taekwondo. <\/p>\n<p>Carsens venci\u00f3 con una puntuaci\u00f3n de 12-0 a la costarricense Karina Brade, en combate de cuartos de final, luego en semifinales se enfrent\u00f3 a la venezolana Adriana Mart\u00ednez a quien super\u00f3 por un estrecho marcador de 1-0 y la final se llev\u00f3 la victoria ampliamente sobre la colombiana Doris Pati\u00f1o por 10-0. <\/p>\n<p>El torneo se escenific\u00f3 en la ciudad mexicana de Aguascalientes. <\/p>\n<p>Para Carstens ser\u00e1 su segunda experiencia en una cita ol\u00edmpica, tras participar en Londres 2012, en aquella ocasi\u00f3n lo hizo por una invitaci\u00f3n. En esta oportunidad se gan\u00f3 el boleto de forma directa. <\/p>\n<p>Adem\u00e1s de Carstens, los velocistas Alonso Edward (200 metros lisos), Yvette Lewis (100 metros vallas)\u00a0y el nadador Edgar Crespo (marca B) son hasta ahora los cuatro\u00a0representantes que tiene asegurados Panam\u00e1 para los juegos de R\u00edo 2016, que se desarrollar\u00e1n en el mes de agosto. <\/p>\n","protected":false},"excerpt":{"rendered":"<p>La paname\u00f1a Caronena Carstens se convirti\u00f3 en la cuarta paname\u00f1a <a href=\"https:\/\/sertv.gob.pa\/nacionalfm\/carolena-cartens-clasifica-en-taekwondo-para-jo-de-rio\/\"> [&#8230;]<\/a><\/p>\n","protected":false},"author":1,"featured_media":11255,"comment_status":"closed","ping_status":"closed","sticky":false,"template":"","format":"standard","meta":{"footnotes":""},"categories":[4],"tags":[],"class_list":["post-11254","post","type-post","status-publish","format-standard","has-post-thumbnail","hentry","category-deportes"],"_links":{"self":[{"href":"https:\/\/sertv.gob.pa\/nacionalfm\/wp-json\/wp\/v2\/posts\/11254","targetHints":{"allow":["GET"]}}],"collection":[{"href":"https:\/\/sertv.gob.pa\/nacionalfm\/wp-json\/wp\/v2\/posts"}],"about":[{"href":"https:\/\/sertv.gob.pa\/nacionalfm\/wp-json\/wp\/v2\/types\/post"}],"author":[{"embeddable":true,"href":"https:\/\/sertv.gob.pa\/nacionalfm\/wp-json\/wp\/v2\/users\/1"}],"replies":[{"embeddable":true,"href":"https:\/\/sertv.gob.pa\/nacionalfm\/wp-json\/wp\/v2\/comments?post=11254"}],"version-history":[{"count":0,"href":"https:\/\/sertv.gob.pa\/nacionalfm\/wp-json\/wp\/v2\/posts\/11254\/revisions"}],"wp:featuredmedia":[{"embeddable":true,"href":"https:\/\/sertv.gob.pa\/nacionalfm\/wp-json\/wp\/v2\/media\/11255"}],"wp:attachment":[{"href":"https:\/\/sertv.gob.pa\/nacionalfm\/wp-json\/wp\/v2\/media?parent=11254"}],"wp:term":[{"taxonomy":"category","embeddable":true,"href":"https:\/\/sertv.gob.pa\/nacionalfm\/wp-json\/wp\/v2\/categories?post=11254"},{"taxonomy":"post_tag","embeddable":true,"href":"https:\/\/sertv.gob.pa\/nacionalfm\/wp-json\/wp\/v2\/tags?post=11254"}],"curies":[{"name":"wp","href":"https:\/\/api.w.org\/{rel}","templated":true}]}}