{"id":11260,"date":"2016-03-11T20:19:27","date_gmt":"2016-03-11T20:19:27","guid":{"rendered":""},"modified":"2016-03-11T20:19:27","modified_gmt":"2016-03-11T20:19:27","slug":"atheyna-bylon-pelea-con-usa-segun-sorteo-preolimpico","status":"publish","type":"post","link":"https:\/\/sertv.gob.pa\/nacionalfm\/atheyna-bylon-pelea-con-usa-segun-sorteo-preolimpico\/","title":{"rendered":"Atheyna Bylon pelea con USA, seg\u00fan sorteo preol\u00edmpico"},"content":{"rendered":"<p>\nLa campeona mundial paname\u00f1a Atheyna Bylon sali\u00f3 combatiendo con Estados Unidos en elsorteo preol\u00edmpico para Brasil 2016, que se realiza en Argentina. <\/p>\n<p>En los 69-75 kilos Atheyna Bylon se medir\u00e1 a la estadounidense Claresa Mar\u00eda Shields, en tanto que Jaime Mu\u00f1oz en los 60 kilogramos se medir\u00e1 a Pierre Phelissien de Hait\u00ed, el sante\u00f1o Francisco Rivera \u00a0tendr\u00e1 acci\u00f3n ante David Jim\u00e9nez de Costa Rica en los 52 kilogr\u00e1mos. <\/p>\n<p>En los 56 kilogr\u00e1mos Rafael Pedroza se enfrenta a Roysys Ram\u00edrez de Cuba, Luis &ldquo;Coquimbo&rdquo; Hern\u00e1ndez se mide a Denis Thomas de Guyanas y Karold Hibbert en 60 kilos femeninos combatir\u00e1 con Minerva Montiel del Paraguay, en el d\u00eda de ma\u00f1ana. <\/p>\n","protected":false},"excerpt":{"rendered":"<p>La campeona mundial paname\u00f1a Atheyna Bylon sali\u00f3 combatiendo con Estados <a href=\"https:\/\/sertv.gob.pa\/nacionalfm\/atheyna-bylon-pelea-con-usa-segun-sorteo-preolimpico\/\"> [&#8230;]<\/a><\/p>\n","protected":false},"author":1,"featured_media":11261,"comment_status":"closed","ping_status":"closed","sticky":false,"template":"","format":"standard","meta":{"footnotes":""},"categories":[4],"tags":[],"class_list":["post-11260","post","type-post","status-publish","format-standard","has-post-thumbnail","hentry","category-deportes"],"_links":{"self":[{"href":"https:\/\/sertv.gob.pa\/nacionalfm\/wp-json\/wp\/v2\/posts\/11260","targetHints":{"allow":["GET"]}}],"collection":[{"href":"https:\/\/sertv.gob.pa\/nacionalfm\/wp-json\/wp\/v2\/posts"}],"about":[{"href":"https:\/\/sertv.gob.pa\/nacionalfm\/wp-json\/wp\/v2\/types\/post"}],"author":[{"embeddable":true,"href":"https:\/\/sertv.gob.pa\/nacionalfm\/wp-json\/wp\/v2\/users\/1"}],"replies":[{"embeddable":true,"href":"https:\/\/sertv.gob.pa\/nacionalfm\/wp-json\/wp\/v2\/comments?post=11260"}],"version-history":[{"count":0,"href":"https:\/\/sertv.gob.pa\/nacionalfm\/wp-json\/wp\/v2\/posts\/11260\/revisions"}],"wp:featuredmedia":[{"embeddable":true,"href":"https:\/\/sertv.gob.pa\/nacionalfm\/wp-json\/wp\/v2\/media\/11261"}],"wp:attachment":[{"href":"https:\/\/sertv.gob.pa\/nacionalfm\/wp-json\/wp\/v2\/media?parent=11260"}],"wp:term":[{"taxonomy":"category","embeddable":true,"href":"https:\/\/sertv.gob.pa\/nacionalfm\/wp-json\/wp\/v2\/categories?post=11260"},{"taxonomy":"post_tag","embeddable":true,"href":"https:\/\/sertv.gob.pa\/nacionalfm\/wp-json\/wp\/v2\/tags?post=11260"}],"curies":[{"name":"wp","href":"https:\/\/api.w.org\/{rel}","templated":true}]}}