{"id":11286,"date":"2016-03-14T17:15:14","date_gmt":"2016-03-14T17:15:14","guid":{"rendered":""},"modified":"2016-03-14T17:15:14","modified_gmt":"2016-03-14T17:15:14","slug":"karol-hibbert-y-coquimbo-hernandez-ganan-en-preolimpico","status":"publish","type":"post","link":"https:\/\/sertv.gob.pa\/nacionalfm\/karol-hibbert-y-coquimbo-hernandez-ganan-en-preolimpico\/","title":{"rendered":"Karol Hibbert y \u201cCoquimbo\u201d Hern\u00e1ndez ganan en preol\u00edmpico"},"content":{"rendered":"<p>\nKarol Hibbert y &ldquo;Coquimbo&rdquo; Hern\u00e1ndez ganan en preol\u00edmpico para R\u00edo de Janeiro 2016, que se efect\u00faa en Argentina. <\/p>\n<p>Karol Hibbert en la rama femenina venci\u00f3 por decisi\u00f3n un\u00e1nime a la paraguaya Minerva Montiel, en tanto que Luis &ldquo;Coquimbo&rdquo; Hern\u00e1ndez se llev\u00f3 una estrecha victoria por decisi\u00f3n dividida ante el guyan\u00e9s Dennis Thomas, cabe destacar que el pasado viernes el paname\u00f1o Rafael Pedroza perdi\u00f3 por decisi\u00f3n un\u00e1nime ante el cubano Robeisy Ram\u00edrez. <\/p>\n<p>Karol Hibbert se mide hoy a Dayana S\u00e1nchez de Argentina. <\/p>\n","protected":false},"excerpt":{"rendered":"<p>Karol Hibbert y &ldquo;Coquimbo&rdquo; Hern\u00e1ndez ganan en preol\u00edmpico para R\u00edo <a href=\"https:\/\/sertv.gob.pa\/nacionalfm\/karol-hibbert-y-coquimbo-hernandez-ganan-en-preolimpico\/\"> [&#8230;]<\/a><\/p>\n","protected":false},"author":1,"featured_media":11287,"comment_status":"closed","ping_status":"closed","sticky":false,"template":"","format":"standard","meta":{"footnotes":""},"categories":[4],"tags":[],"class_list":["post-11286","post","type-post","status-publish","format-standard","has-post-thumbnail","hentry","category-deportes"],"_links":{"self":[{"href":"https:\/\/sertv.gob.pa\/nacionalfm\/wp-json\/wp\/v2\/posts\/11286","targetHints":{"allow":["GET"]}}],"collection":[{"href":"https:\/\/sertv.gob.pa\/nacionalfm\/wp-json\/wp\/v2\/posts"}],"about":[{"href":"https:\/\/sertv.gob.pa\/nacionalfm\/wp-json\/wp\/v2\/types\/post"}],"author":[{"embeddable":true,"href":"https:\/\/sertv.gob.pa\/nacionalfm\/wp-json\/wp\/v2\/users\/1"}],"replies":[{"embeddable":true,"href":"https:\/\/sertv.gob.pa\/nacionalfm\/wp-json\/wp\/v2\/comments?post=11286"}],"version-history":[{"count":0,"href":"https:\/\/sertv.gob.pa\/nacionalfm\/wp-json\/wp\/v2\/posts\/11286\/revisions"}],"wp:featuredmedia":[{"embeddable":true,"href":"https:\/\/sertv.gob.pa\/nacionalfm\/wp-json\/wp\/v2\/media\/11287"}],"wp:attachment":[{"href":"https:\/\/sertv.gob.pa\/nacionalfm\/wp-json\/wp\/v2\/media?parent=11286"}],"wp:term":[{"taxonomy":"category","embeddable":true,"href":"https:\/\/sertv.gob.pa\/nacionalfm\/wp-json\/wp\/v2\/categories?post=11286"},{"taxonomy":"post_tag","embeddable":true,"href":"https:\/\/sertv.gob.pa\/nacionalfm\/wp-json\/wp\/v2\/tags?post=11286"}],"curies":[{"name":"wp","href":"https:\/\/api.w.org\/{rel}","templated":true}]}}