{"id":11288,"date":"2016-03-14T17:26:20","date_gmt":"2016-03-14T17:26:20","guid":{"rendered":""},"modified":"2016-03-14T17:26:20","modified_gmt":"2016-03-14T17:26:20","slug":"plaza-amador-golea-al-atletico-nacional-en-la-lpf","status":"publish","type":"post","link":"https:\/\/sertv.gob.pa\/nacionalfm\/plaza-amador-golea-al-atletico-nacional-en-la-lpf\/","title":{"rendered":"Plaza Amador golea al Atl\u00e9tico Nacional en la LPF"},"content":{"rendered":"<p>\nEl Plaza Amador gole\u00f3 por marcador de 4-0 al Atl\u00e9tico Nacional en la d\u00e9cima jornada del\u00a0 Torneo de Clausura de la Liga Paname\u00f1a de F\u00fatbol. <\/p>\n<p>En otros partidos el Tauro FC y el Chorrillo empataron a 0 gol, el \u00c1rabe Unido de Col\u00f3n tambi\u00e9n gole\u00f3 a &ldquo;Los Monjes&rdquo; del San Francisco FC por 3-0, en tanto que el Atl\u00e9tico Chiriqu\u00ed derrot\u00f3 al Alianza FC por 2-0. <\/p>\n<p>El Sporting San Miguelito se llev\u00f3 la victoria sobre el Chepo FC por la m\u00ednima deferencia de 1-0 mediante gol de Marcos S\u00e1nchez. <\/p>\n","protected":false},"excerpt":{"rendered":"<p>El Plaza Amador gole\u00f3 por marcador de 4-0 al Atl\u00e9tico <a href=\"https:\/\/sertv.gob.pa\/nacionalfm\/plaza-amador-golea-al-atletico-nacional-en-la-lpf\/\"> [&#8230;]<\/a><\/p>\n","protected":false},"author":1,"featured_media":11289,"comment_status":"closed","ping_status":"closed","sticky":false,"template":"","format":"standard","meta":{"footnotes":""},"categories":[4],"tags":[],"class_list":["post-11288","post","type-post","status-publish","format-standard","has-post-thumbnail","hentry","category-deportes"],"_links":{"self":[{"href":"https:\/\/sertv.gob.pa\/nacionalfm\/wp-json\/wp\/v2\/posts\/11288","targetHints":{"allow":["GET"]}}],"collection":[{"href":"https:\/\/sertv.gob.pa\/nacionalfm\/wp-json\/wp\/v2\/posts"}],"about":[{"href":"https:\/\/sertv.gob.pa\/nacionalfm\/wp-json\/wp\/v2\/types\/post"}],"author":[{"embeddable":true,"href":"https:\/\/sertv.gob.pa\/nacionalfm\/wp-json\/wp\/v2\/users\/1"}],"replies":[{"embeddable":true,"href":"https:\/\/sertv.gob.pa\/nacionalfm\/wp-json\/wp\/v2\/comments?post=11288"}],"version-history":[{"count":0,"href":"https:\/\/sertv.gob.pa\/nacionalfm\/wp-json\/wp\/v2\/posts\/11288\/revisions"}],"wp:featuredmedia":[{"embeddable":true,"href":"https:\/\/sertv.gob.pa\/nacionalfm\/wp-json\/wp\/v2\/media\/11289"}],"wp:attachment":[{"href":"https:\/\/sertv.gob.pa\/nacionalfm\/wp-json\/wp\/v2\/media?parent=11288"}],"wp:term":[{"taxonomy":"category","embeddable":true,"href":"https:\/\/sertv.gob.pa\/nacionalfm\/wp-json\/wp\/v2\/categories?post=11288"},{"taxonomy":"post_tag","embeddable":true,"href":"https:\/\/sertv.gob.pa\/nacionalfm\/wp-json\/wp\/v2\/tags?post=11288"}],"curies":[{"name":"wp","href":"https:\/\/api.w.org\/{rel}","templated":true}]}}