{"id":11290,"date":"2016-03-14T18:30:36","date_gmt":"2016-03-14T18:30:36","guid":{"rendered":""},"modified":"2016-03-14T18:30:36","modified_gmt":"2016-03-14T18:30:36","slug":"atheyna-bylon-debuta-hoy-en-preolimpico-de-argentina","status":"publish","type":"post","link":"https:\/\/sertv.gob.pa\/nacionalfm\/atheyna-bylon-debuta-hoy-en-preolimpico-de-argentina\/","title":{"rendered":"Atheyna Bylon debuta hoy en Preol\u00edmpico de Argentina"},"content":{"rendered":"<p>\nLa campeona mundial Atheyna Bylon tendr\u00e1 acci\u00f3n hoy ante la estadounidense Claresa Mar\u00eda Shields, en el preol\u00edmpico con miras Brasil 2016 que se celebra en Argentina. <\/p>\n<p>En otros combates Jaime Mu\u00f1oz se mide a Pierre-Marie Phelissien de Hait\u00ed, Karol Hibbert se enfrenta a Dayana S\u00e1nchez de Argentina y Francisco Rivera de Los Santos tendr\u00e1 acci\u00f3n ante David Jim\u00e9nez de Costa Rica. <\/p>\n","protected":false},"excerpt":{"rendered":"<p>La campeona mundial Atheyna Bylon tendr\u00e1 acci\u00f3n hoy ante la <a href=\"https:\/\/sertv.gob.pa\/nacionalfm\/atheyna-bylon-debuta-hoy-en-preolimpico-de-argentina\/\"> [&#8230;]<\/a><\/p>\n","protected":false},"author":1,"featured_media":11291,"comment_status":"closed","ping_status":"closed","sticky":false,"template":"","format":"standard","meta":{"footnotes":""},"categories":[4],"tags":[],"class_list":["post-11290","post","type-post","status-publish","format-standard","has-post-thumbnail","hentry","category-deportes"],"_links":{"self":[{"href":"https:\/\/sertv.gob.pa\/nacionalfm\/wp-json\/wp\/v2\/posts\/11290","targetHints":{"allow":["GET"]}}],"collection":[{"href":"https:\/\/sertv.gob.pa\/nacionalfm\/wp-json\/wp\/v2\/posts"}],"about":[{"href":"https:\/\/sertv.gob.pa\/nacionalfm\/wp-json\/wp\/v2\/types\/post"}],"author":[{"embeddable":true,"href":"https:\/\/sertv.gob.pa\/nacionalfm\/wp-json\/wp\/v2\/users\/1"}],"replies":[{"embeddable":true,"href":"https:\/\/sertv.gob.pa\/nacionalfm\/wp-json\/wp\/v2\/comments?post=11290"}],"version-history":[{"count":0,"href":"https:\/\/sertv.gob.pa\/nacionalfm\/wp-json\/wp\/v2\/posts\/11290\/revisions"}],"wp:featuredmedia":[{"embeddable":true,"href":"https:\/\/sertv.gob.pa\/nacionalfm\/wp-json\/wp\/v2\/media\/11291"}],"wp:attachment":[{"href":"https:\/\/sertv.gob.pa\/nacionalfm\/wp-json\/wp\/v2\/media?parent=11290"}],"wp:term":[{"taxonomy":"category","embeddable":true,"href":"https:\/\/sertv.gob.pa\/nacionalfm\/wp-json\/wp\/v2\/categories?post=11290"},{"taxonomy":"post_tag","embeddable":true,"href":"https:\/\/sertv.gob.pa\/nacionalfm\/wp-json\/wp\/v2\/tags?post=11290"}],"curies":[{"name":"wp","href":"https:\/\/api.w.org\/{rel}","templated":true}]}}