{"id":11302,"date":"2016-03-14T21:13:19","date_gmt":"2016-03-14T21:13:19","guid":{"rendered":""},"modified":"2016-03-14T21:13:19","modified_gmt":"2016-03-14T21:13:19","slug":"dan-un-hasta-pronto-a-gilberto-mendoza-ex-presidente-de-la-amb","status":"publish","type":"post","link":"https:\/\/sertv.gob.pa\/nacionalfm\/dan-un-hasta-pronto-a-gilberto-mendoza-ex-presidente-de-la-amb\/","title":{"rendered":"Dan un \u201chasta pronto\u201d a Gilberto Mendoza ex presidente de la AMB"},"content":{"rendered":"<p>\nEste domingo en Caracas, Venezuela se le dijo un &ldquo;hasta pronto&rdquo; al presidente em\u00e9rito de la Asociaci\u00f3n Mundial de Boxeo, Gilberto Mendoza, quien falleci\u00f3 recientemente luego de luchar por varios a\u00f1os contra la letal enfermedad del c\u00e1ncer. <\/p>\n<p>En el acto estuvieron diversas personas de la familia box\u00edstica, y el primero en tomar la palabra fue el ex campe\u00f3n mundial de los pesos plumas el venezolano Antonio Esparragoza, le siguieron el periodista venezolano Jos\u00e9 Visconti y el promotor estadounidense Gary Shaw <\/p>\n<p>Y por \u00faltimo habl\u00f3 su hijo, y actual presidente de la AMB, Gilberto Jes\u00fas Mendoza Alvarado: &ldquo;mi pap\u00e1 nos deja un legado grande, el entendernos el uno al otro, saber cual es la necesidad que tiene el otro, entenderla, ponerme bravo pero abrazarlo despu\u00e9s y tratar de buscar un punto de equilibrio. Ah\u00ed fue donde mi pap\u00e1 era un tit\u00e1n. En nombre de mi familia les agradezco de coraz\u00f3n hayan estado aqu\u00ed conmigo en cada momento, pero quiero que se lleven la paz que \u00e9l se llev\u00f3 no les pido m\u00e1s nada&rdquo;.\u00a0 <\/p>\n<p>\u00a0 <\/p>\n","protected":false},"excerpt":{"rendered":"<p>Este domingo en Caracas, Venezuela se le dijo un &ldquo;hasta <a href=\"https:\/\/sertv.gob.pa\/nacionalfm\/dan-un-hasta-pronto-a-gilberto-mendoza-ex-presidente-de-la-amb\/\"> [&#8230;]<\/a><\/p>\n","protected":false},"author":1,"featured_media":11303,"comment_status":"closed","ping_status":"closed","sticky":false,"template":"","format":"standard","meta":{"footnotes":""},"categories":[4],"tags":[],"class_list":["post-11302","post","type-post","status-publish","format-standard","has-post-thumbnail","hentry","category-deportes"],"_links":{"self":[{"href":"https:\/\/sertv.gob.pa\/nacionalfm\/wp-json\/wp\/v2\/posts\/11302","targetHints":{"allow":["GET"]}}],"collection":[{"href":"https:\/\/sertv.gob.pa\/nacionalfm\/wp-json\/wp\/v2\/posts"}],"about":[{"href":"https:\/\/sertv.gob.pa\/nacionalfm\/wp-json\/wp\/v2\/types\/post"}],"author":[{"embeddable":true,"href":"https:\/\/sertv.gob.pa\/nacionalfm\/wp-json\/wp\/v2\/users\/1"}],"replies":[{"embeddable":true,"href":"https:\/\/sertv.gob.pa\/nacionalfm\/wp-json\/wp\/v2\/comments?post=11302"}],"version-history":[{"count":0,"href":"https:\/\/sertv.gob.pa\/nacionalfm\/wp-json\/wp\/v2\/posts\/11302\/revisions"}],"wp:featuredmedia":[{"embeddable":true,"href":"https:\/\/sertv.gob.pa\/nacionalfm\/wp-json\/wp\/v2\/media\/11303"}],"wp:attachment":[{"href":"https:\/\/sertv.gob.pa\/nacionalfm\/wp-json\/wp\/v2\/media?parent=11302"}],"wp:term":[{"taxonomy":"category","embeddable":true,"href":"https:\/\/sertv.gob.pa\/nacionalfm\/wp-json\/wp\/v2\/categories?post=11302"},{"taxonomy":"post_tag","embeddable":true,"href":"https:\/\/sertv.gob.pa\/nacionalfm\/wp-json\/wp\/v2\/tags?post=11302"}],"curies":[{"name":"wp","href":"https:\/\/api.w.org\/{rel}","templated":true}]}}