{"id":11326,"date":"2016-03-15T18:31:37","date_gmt":"2016-03-15T18:31:37","guid":{"rendered":""},"modified":"2016-03-15T18:31:37","modified_gmt":"2016-03-15T18:31:37","slug":"medicamento-de-nanoparticulas-contra-el-cancer-es-creado","status":"publish","type":"post","link":"https:\/\/sertv.gob.pa\/nacionalfm\/medicamento-de-nanoparticulas-contra-el-cancer-es-creado\/","title":{"rendered":"Medicamento de nanopart\u00edculas contra el c\u00e1ncer es creado"},"content":{"rendered":"<p>\nCient\u00edficos estadounidenses han creado un f\u00e1rmaco inyectable que genera nanopart\u00edculas capaces de facilitar la cura de la met\u00e1stasis de tumores en el pulm\u00f3n e h\u00edgado de ratones, seg\u00fan un estudio que public\u00f3 la revista Nature. <\/p>\n<p>La investigaci\u00f3n, desarrollada por expertos del Instituto Metodista de Houston (HMRI), podr\u00eda transformar radicalmente el tratamiento de un c\u00e1ncer de mama negativo triple que se ha propagado a los pulmones y el h\u00edgado, destacan sus responsables. La mayor\u00eda de los decesos por c\u00e1ncer, recuerdan, se producen por la met\u00e1stasis de un tumor en el pulm\u00f3n y el h\u00edgado, para la cual no hay, de momento, un tratamiento efectivo. <\/p>\n<p>Los medicamentos disponibles ofrecen beneficios muy limitados, dado que no son capaces de superar ciertas barreras biol\u00f3gica que erige el organismo y de llegar hasta las c\u00e9lulas cancer\u00edgenas en los niveles de concentraci\u00f3n necesarios. <\/p>\n<p>Los expertos en nanotecnolog\u00eda y c\u00e1ncer del HMRI podr\u00edan haber resuelto ese problema al desarrollar un medicamento capaz de generar nanopart\u00edculas en el interior de un pulm\u00f3n de roedores afectado por met\u00e1stasis. <\/p>\n<p>Los resultados de este estudio demostraron que, despu\u00e9s de ocho meses de tratamiento con este nuevo procedimiento, no hab\u00eda rastro de met\u00e1stasis en el 50% de los ratones enfermos, lo que equivaldr\u00eda, aproximadamente, a prolongar 24 a\u00f1os la esperanza de vida en humanos. <\/p>\n<p>Esta t\u00e9cnica, adem\u00e1s, elimina los efectos secundarios negativos que producen la mayor\u00eda de los medicamentos convencionales cuando el sistema inmunol\u00f3gico del cuerpo humano los incorpora a tejidos sanos y, en consecuencia, tampoco llegan al tumor en los niveles de concentraci\u00f3n necesarios, explic\u00f3 el presidente y consejero delegado del HMRI, Mauro Ferrari. <\/p>\n<p>\u00a0 <\/p>\n","protected":false},"excerpt":{"rendered":"<p>Cient\u00edficos estadounidenses han creado un f\u00e1rmaco inyectable que genera nanopart\u00edculas <a href=\"https:\/\/sertv.gob.pa\/nacionalfm\/medicamento-de-nanoparticulas-contra-el-cancer-es-creado\/\"> [&#8230;]<\/a><\/p>\n","protected":false},"author":1,"featured_media":11327,"comment_status":"closed","ping_status":"closed","sticky":false,"template":"","format":"standard","meta":{"footnotes":""},"categories":[5],"tags":[],"class_list":["post-11326","post","type-post","status-publish","format-standard","has-post-thumbnail","hentry","category-salud"],"_links":{"self":[{"href":"https:\/\/sertv.gob.pa\/nacionalfm\/wp-json\/wp\/v2\/posts\/11326","targetHints":{"allow":["GET"]}}],"collection":[{"href":"https:\/\/sertv.gob.pa\/nacionalfm\/wp-json\/wp\/v2\/posts"}],"about":[{"href":"https:\/\/sertv.gob.pa\/nacionalfm\/wp-json\/wp\/v2\/types\/post"}],"author":[{"embeddable":true,"href":"https:\/\/sertv.gob.pa\/nacionalfm\/wp-json\/wp\/v2\/users\/1"}],"replies":[{"embeddable":true,"href":"https:\/\/sertv.gob.pa\/nacionalfm\/wp-json\/wp\/v2\/comments?post=11326"}],"version-history":[{"count":0,"href":"https:\/\/sertv.gob.pa\/nacionalfm\/wp-json\/wp\/v2\/posts\/11326\/revisions"}],"wp:featuredmedia":[{"embeddable":true,"href":"https:\/\/sertv.gob.pa\/nacionalfm\/wp-json\/wp\/v2\/media\/11327"}],"wp:attachment":[{"href":"https:\/\/sertv.gob.pa\/nacionalfm\/wp-json\/wp\/v2\/media?parent=11326"}],"wp:term":[{"taxonomy":"category","embeddable":true,"href":"https:\/\/sertv.gob.pa\/nacionalfm\/wp-json\/wp\/v2\/categories?post=11326"},{"taxonomy":"post_tag","embeddable":true,"href":"https:\/\/sertv.gob.pa\/nacionalfm\/wp-json\/wp\/v2\/tags?post=11326"}],"curies":[{"name":"wp","href":"https:\/\/api.w.org\/{rel}","templated":true}]}}