{"id":11330,"date":"2016-03-15T18:57:56","date_gmt":"2016-03-15T18:57:56","guid":{"rendered":""},"modified":"2016-03-15T18:57:56","modified_gmt":"2016-03-15T18:57:56","slug":"la-poblacion-todavia-no-ve-la-obesidad-como-una-enfermedad","status":"publish","type":"post","link":"https:\/\/sertv.gob.pa\/nacionalfm\/la-poblacion-todavia-no-ve-la-obesidad-como-una-enfermedad\/","title":{"rendered":"La poblaci\u00f3n todav\u00eda &#8216;no ve la obesidad como una enfermedad&#8217;"},"content":{"rendered":"<p>\nLa obesidad es una epidemia mundial del siglo XXI, \u00a0ha sentenciado la  Organizaci\u00f3n Mundial de la Salud (OMS) . <\/p>\n<p>En 2014, m\u00e1s de mil 900 millones de adultos ten\u00edan sobrepeso, de los cuales, m\u00e1s de 600 millones eran obesos, seg\u00fan la OMS <\/p>\n<p>Mientras que en  Am\u00e9rica Latina  unos 130 millones de personas eran obesas en 2013, de acuerdo con datos del  Banco Mundial . <\/p>\n<p>En el caso de Panam\u00e1, seg\u00fan las \u00faltimas encuestas de la  Contralor\u00eda General de la Rep\u00fablica  (2008) y el estudio  Monitoreo Nutricional  del  Ministerio de Salud  (2014), la cifra de exceso de peso en los adultos pas\u00f3 de 56% al 67%. En el caso de los ni\u00f1os pas\u00f3 de 26% al 29%. <\/p>\n<p>No obstante, la poblaci\u00f3n a\u00fan &ldquo;no ve la obesidad como una enfermedad&rdquo;, indicaron especialistas durante el  XIV Congreso Centroamericano y del Caribe de Endocrinolog\u00eda , que se llev\u00f3 a cabo recientemente en el pa\u00eds. <\/p>\n<p>El presente de esta dolencia se enmarca en factores que est\u00e1n fuera de la gen\u00e9tica y que son aportados por el tipo de  alimentaci\u00f3n , subray\u00f3 el endocrin\u00f3logo-nutricionista dominicano F\u00e9lix Esca\u00f1o, en su ponencia  &ldquo;Presente y futuro en el tratamiento de la obesidad&rdquo; . <\/p>\n<p>En este punto, hizo referencia a las comidas, que est\u00e1n cargadas de grasa, de sal y de carbohidratos, que modifican el patr\u00f3n gen\u00e9tico del individuo y provocan un incremento de peso. <\/p>\n<p>En tanto, el  futuro  de esta  enfermedad  est\u00e1 en proveerle herramientas a la  poblaci\u00f3n  para que reduzca los \u00edndices de  sobrepeso , pero debe ser un trabajo de toda la sociedad, recalc\u00f3. <\/p>\n<p>Hay que emplear mecanismos para ayudar a la poblaci\u00f3n a perder peso, como los gimnasios al aire libre y las rutas para bicicletas, sugiri\u00f3. <\/p>\n<p>Otra acci\u00f3n  futura  ser\u00eda que los gobiernos restrinjan la publicidad de  alimentos  con alto contenido de sal, az\u00facar y grasas peligrosas. <\/p>\n<p>En el caso de los ni\u00f1os, se est\u00e1 viendo una  sobrealimentaci\u00f3n  con las meriendas en las escuelas, hay que tener un balance. Adem\u00e1s, muchos de estos chicos al llegar a casa siguen comiendo sin control y no hacen ejercicio, coment\u00f3. <\/p>\n<p>\u00a0 <\/p>\n","protected":false},"excerpt":{"rendered":"<p>La obesidad es una epidemia mundial del siglo XXI, \u00a0ha <a href=\"https:\/\/sertv.gob.pa\/nacionalfm\/la-poblacion-todavia-no-ve-la-obesidad-como-una-enfermedad\/\"> [&#8230;]<\/a><\/p>\n","protected":false},"author":1,"featured_media":11331,"comment_status":"closed","ping_status":"closed","sticky":false,"template":"","format":"standard","meta":{"footnotes":""},"categories":[5],"tags":[],"class_list":["post-11330","post","type-post","status-publish","format-standard","has-post-thumbnail","hentry","category-salud"],"_links":{"self":[{"href":"https:\/\/sertv.gob.pa\/nacionalfm\/wp-json\/wp\/v2\/posts\/11330","targetHints":{"allow":["GET"]}}],"collection":[{"href":"https:\/\/sertv.gob.pa\/nacionalfm\/wp-json\/wp\/v2\/posts"}],"about":[{"href":"https:\/\/sertv.gob.pa\/nacionalfm\/wp-json\/wp\/v2\/types\/post"}],"author":[{"embeddable":true,"href":"https:\/\/sertv.gob.pa\/nacionalfm\/wp-json\/wp\/v2\/users\/1"}],"replies":[{"embeddable":true,"href":"https:\/\/sertv.gob.pa\/nacionalfm\/wp-json\/wp\/v2\/comments?post=11330"}],"version-history":[{"count":0,"href":"https:\/\/sertv.gob.pa\/nacionalfm\/wp-json\/wp\/v2\/posts\/11330\/revisions"}],"wp:featuredmedia":[{"embeddable":true,"href":"https:\/\/sertv.gob.pa\/nacionalfm\/wp-json\/wp\/v2\/media\/11331"}],"wp:attachment":[{"href":"https:\/\/sertv.gob.pa\/nacionalfm\/wp-json\/wp\/v2\/media?parent=11330"}],"wp:term":[{"taxonomy":"category","embeddable":true,"href":"https:\/\/sertv.gob.pa\/nacionalfm\/wp-json\/wp\/v2\/categories?post=11330"},{"taxonomy":"post_tag","embeddable":true,"href":"https:\/\/sertv.gob.pa\/nacionalfm\/wp-json\/wp\/v2\/tags?post=11330"}],"curies":[{"name":"wp","href":"https:\/\/api.w.org\/{rel}","templated":true}]}}