{"id":11340,"date":"2016-03-16T14:22:54","date_gmt":"2016-03-16T14:22:54","guid":{"rendered":""},"modified":"2016-03-16T14:22:54","modified_gmt":"2016-03-16T14:22:54","slug":"oficializan-disputa-de-titulo-plata-de-chemito-moreno","status":"publish","type":"post","link":"https:\/\/sertv.gob.pa\/nacionalfm\/oficializan-disputa-de-titulo-plata-de-chemito-moreno\/","title":{"rendered":"Oficializan disputa de t\u00edtulo plata de \u201cChemito\u201d Moreno"},"content":{"rendered":"<p>\nEn conferencia de prensa la nueva promotora Roux Laguna de Moreno oficializ\u00f3 la cartelera box\u00edstica en la cual el ex campe\u00f3n gallo de la Asociaci\u00f3n Mundial de Boxeo Anselmo &ldquo;Chemito&rdquo; Moreno disputar\u00e1 el t\u00edtulo plata de la divisi\u00f3n al tailand\u00e9s Suriyan Sor Runvinsai, el pr\u00f3ximo 30 de abril en la Arena Roberto Dur\u00e1n. <\/p>\n<p>El ganador de este encuentro deber\u00e1 enfrentarse al campe\u00f3n en propiedad Shensuke Yamanaka, vencedor de ambos boxeadores. Se hizo la salvedad, dentro del contrato de ambos boxeadores, \u00a0que de renunciar Yamanaka al t\u00edtulo para aspirar al supergallo en las 122 libras, la pelea entre Moreno y Runvinsai ser\u00eda por el t\u00edtulo en propiedad. <\/p>\n<p>En \u00a0otros combates Alberto &ldquo;Metralleta&rdquo; Mosquera defender\u00e1 su t\u00edtulo FEDELATIN superligero de la AMB ante el argentino Bryan &ldquo;Nahual&rdquo; Zarza, Juan &ldquo;El Ol\u00edmpico&rdquo; Huertas har\u00e1 un tanto igual de su t\u00edtulo FEDELATIN de la AMB de los superplumas ante el colombiano Rodolfo Puente, en tanto que Gilberto &ldquo;El Cacique&rdquo; Pedroza y Luis &ldquo;Pan Blanco&rdquo; R\u00edos se disputar\u00e1n el t\u00edtulo Latino del Consejo Mundial de Boxeo. En las peleas preliminares combatir\u00e1n el invicto p\u00fagil sante\u00f1o Galindo C\u00e1rdenas ante el chiricano Nelson Guill\u00e9n y la invicta en cinco combates, \u00a0Lourdes &ldquo;La Felina&rdquo; Borb\u00faa ante la colombiana M\u00f3nica Acosta Siris. <\/p>\n<p>\u00a0 <\/p>\n","protected":false},"excerpt":{"rendered":"<p>En conferencia de prensa la nueva promotora Roux Laguna de <a href=\"https:\/\/sertv.gob.pa\/nacionalfm\/oficializan-disputa-de-titulo-plata-de-chemito-moreno\/\"> [&#8230;]<\/a><\/p>\n","protected":false},"author":1,"featured_media":11341,"comment_status":"closed","ping_status":"closed","sticky":false,"template":"","format":"standard","meta":{"footnotes":""},"categories":[4],"tags":[],"class_list":["post-11340","post","type-post","status-publish","format-standard","has-post-thumbnail","hentry","category-deportes"],"_links":{"self":[{"href":"https:\/\/sertv.gob.pa\/nacionalfm\/wp-json\/wp\/v2\/posts\/11340","targetHints":{"allow":["GET"]}}],"collection":[{"href":"https:\/\/sertv.gob.pa\/nacionalfm\/wp-json\/wp\/v2\/posts"}],"about":[{"href":"https:\/\/sertv.gob.pa\/nacionalfm\/wp-json\/wp\/v2\/types\/post"}],"author":[{"embeddable":true,"href":"https:\/\/sertv.gob.pa\/nacionalfm\/wp-json\/wp\/v2\/users\/1"}],"replies":[{"embeddable":true,"href":"https:\/\/sertv.gob.pa\/nacionalfm\/wp-json\/wp\/v2\/comments?post=11340"}],"version-history":[{"count":0,"href":"https:\/\/sertv.gob.pa\/nacionalfm\/wp-json\/wp\/v2\/posts\/11340\/revisions"}],"wp:featuredmedia":[{"embeddable":true,"href":"https:\/\/sertv.gob.pa\/nacionalfm\/wp-json\/wp\/v2\/media\/11341"}],"wp:attachment":[{"href":"https:\/\/sertv.gob.pa\/nacionalfm\/wp-json\/wp\/v2\/media?parent=11340"}],"wp:term":[{"taxonomy":"category","embeddable":true,"href":"https:\/\/sertv.gob.pa\/nacionalfm\/wp-json\/wp\/v2\/categories?post=11340"},{"taxonomy":"post_tag","embeddable":true,"href":"https:\/\/sertv.gob.pa\/nacionalfm\/wp-json\/wp\/v2\/tags?post=11340"}],"curies":[{"name":"wp","href":"https:\/\/api.w.org\/{rel}","templated":true}]}}