{"id":11344,"date":"2016-03-16T14:54:01","date_gmt":"2016-03-16T14:54:01","guid":{"rendered":""},"modified":"2016-03-16T14:54:01","modified_gmt":"2016-03-16T14:54:01","slug":"metro-bus-brinda-servicio-para-eliminatorias-del-clasico-mundial","status":"publish","type":"post","link":"https:\/\/sertv.gob.pa\/nacionalfm\/metro-bus-brinda-servicio-para-eliminatorias-del-clasico-mundial\/","title":{"rendered":"Metro Bus brinda servicio para eliminatorias del Cl\u00e1sico Mundial"},"content":{"rendered":"<p>\nCon motivo de facilitar el acceso del p\u00fablico a presenciar las eliminatorias al Cl\u00e1sico Mundial de B\u00e9isbol la empresa de transporte Metro Bus confirm\u00f3 que brindar\u00e1 el servicio gratuito de traslado de aficionados desde cuatro puntos de la capital hacia el Estadio Nacional Rod Carew, ubicado en la avenida Centenial, en direcci\u00f3n hacia Cerro Patac\u00f3n. <\/p>\n<p>Los buses estar\u00e1n ubicados en el Centro Comercial Metromall, en la v\u00eda Tocumen; Centro Comercial Los Andes, en San Miguelito; la Terminal de Albrook y Plaza Centenial.\u00a0\u00a0 <\/p>\n<p>El servicio de transporte de Metro Bus hasta el Estadio Nacional Rod Carew, recorrer\u00e1 el Corredor Norte, sin realizar paradas intermedias; en horario de 05:00 p.m. a 08:00 p.m. para el inicio de los partidos y de 10:00 p.m. a 12:00 a.m. para salir del Estadio, al finalizar los partidos de cada jornada de la eliminatoria.\u00a0\u00a0 <\/p>\n<p>\u00a0 <\/p>\n","protected":false},"excerpt":{"rendered":"<p>Con motivo de facilitar el acceso del p\u00fablico a presenciar <a href=\"https:\/\/sertv.gob.pa\/nacionalfm\/metro-bus-brinda-servicio-para-eliminatorias-del-clasico-mundial\/\"> [&#8230;]<\/a><\/p>\n","protected":false},"author":1,"featured_media":11345,"comment_status":"closed","ping_status":"closed","sticky":false,"template":"","format":"standard","meta":{"footnotes":""},"categories":[4],"tags":[],"class_list":["post-11344","post","type-post","status-publish","format-standard","has-post-thumbnail","hentry","category-deportes"],"_links":{"self":[{"href":"https:\/\/sertv.gob.pa\/nacionalfm\/wp-json\/wp\/v2\/posts\/11344","targetHints":{"allow":["GET"]}}],"collection":[{"href":"https:\/\/sertv.gob.pa\/nacionalfm\/wp-json\/wp\/v2\/posts"}],"about":[{"href":"https:\/\/sertv.gob.pa\/nacionalfm\/wp-json\/wp\/v2\/types\/post"}],"author":[{"embeddable":true,"href":"https:\/\/sertv.gob.pa\/nacionalfm\/wp-json\/wp\/v2\/users\/1"}],"replies":[{"embeddable":true,"href":"https:\/\/sertv.gob.pa\/nacionalfm\/wp-json\/wp\/v2\/comments?post=11344"}],"version-history":[{"count":0,"href":"https:\/\/sertv.gob.pa\/nacionalfm\/wp-json\/wp\/v2\/posts\/11344\/revisions"}],"wp:featuredmedia":[{"embeddable":true,"href":"https:\/\/sertv.gob.pa\/nacionalfm\/wp-json\/wp\/v2\/media\/11345"}],"wp:attachment":[{"href":"https:\/\/sertv.gob.pa\/nacionalfm\/wp-json\/wp\/v2\/media?parent=11344"}],"wp:term":[{"taxonomy":"category","embeddable":true,"href":"https:\/\/sertv.gob.pa\/nacionalfm\/wp-json\/wp\/v2\/categories?post=11344"},{"taxonomy":"post_tag","embeddable":true,"href":"https:\/\/sertv.gob.pa\/nacionalfm\/wp-json\/wp\/v2\/tags?post=11344"}],"curies":[{"name":"wp","href":"https:\/\/api.w.org\/{rel}","templated":true}]}}