{"id":1135,"date":"2014-08-20T05:00:00","date_gmt":"2014-08-20T05:00:00","guid":{"rendered":""},"modified":"2014-08-20T05:00:00","modified_gmt":"2014-08-20T05:00:00","slug":"solicitan-mantener-la-calma-ante-el-brote-del-virus-el-ebola","status":"publish","type":"post","link":"https:\/\/sertv.gob.pa\/nacionalfm\/solicitan-mantener-la-calma-ante-el-brote-del-virus-el-ebola\/","title":{"rendered":"Solicitan mantener la calma ante el brote del virus el \u00c9bola"},"content":{"rendered":"<p>\nLa Organizaci\u00f3n Mundial de la Salud (OMS) solicit\u00f3 calma ante el \u00e9bola e inst\u00f3 a los pa\u00edses que no est\u00e1n directamente afectados por el brote a evitar la adopci\u00f3n de medidas que obstaculicen los viajes y el comercio internacional. <\/p>\n<p>&ldquo;Los pa\u00edses no afectados necesitan reforzar la capacidad de detectar y contener de inmediato nuevos casos, evitando medidas que crean interferencias innecesarias con los viajes y el comercio internacional&rdquo;, subray\u00f3 la OMS. <\/p>\n<p>El actual brote de \u00e9bola se concentra en Guinea Conakry, Liberia y Sierra Leona, donde ha ocasionado 1,145 muertes y 2,127 personas infectadas, seg\u00fan la estad\u00edstica publicada el viernes. <\/p>\n<p>La organizaci\u00f3n record\u00f3 a los pa\u00edses afectados que deben efectuar pruebas a todas las personas en aeropuertos internacionales, puertos y puestos fronterizos para detectar casos de fiebre. <\/p>\n<p>El objetivo es evitar que cualquier persona con s\u00edntomas de \u00e9bola, al igual que las que tuvieron contacto con un enfermo, pueda viajar, a menos que sea por evacuaci\u00f3n m\u00e9dica. <\/p>\n<p>Con el prop\u00f3sito de evitar la propagaci\u00f3n de rumores y que la industria a\u00e9rea cuente con informaci\u00f3n veraz a tiempo, la OMS anunci\u00f3 la creaci\u00f3n de un grupo de trabajo, junto con las principales organizaciones que representan los intereses del sector de la aviaci\u00f3n civil y del turismo.\u00a0 @nacionalFm <\/p>\n<p>\u00a0 <\/p>\n<p>\u00a0 <\/p>\n","protected":false},"excerpt":{"rendered":"<p>La Organizaci\u00f3n Mundial de la Salud (OMS) solicit\u00f3 calma ante <a href=\"https:\/\/sertv.gob.pa\/nacionalfm\/solicitan-mantener-la-calma-ante-el-brote-del-virus-el-ebola\/\"> [&#8230;]<\/a><\/p>\n","protected":false},"author":1,"featured_media":1136,"comment_status":"closed","ping_status":"closed","sticky":false,"template":"","format":"standard","meta":{"footnotes":""},"categories":[5],"tags":[],"class_list":["post-1135","post","type-post","status-publish","format-standard","has-post-thumbnail","hentry","category-salud"],"_links":{"self":[{"href":"https:\/\/sertv.gob.pa\/nacionalfm\/wp-json\/wp\/v2\/posts\/1135","targetHints":{"allow":["GET"]}}],"collection":[{"href":"https:\/\/sertv.gob.pa\/nacionalfm\/wp-json\/wp\/v2\/posts"}],"about":[{"href":"https:\/\/sertv.gob.pa\/nacionalfm\/wp-json\/wp\/v2\/types\/post"}],"author":[{"embeddable":true,"href":"https:\/\/sertv.gob.pa\/nacionalfm\/wp-json\/wp\/v2\/users\/1"}],"replies":[{"embeddable":true,"href":"https:\/\/sertv.gob.pa\/nacionalfm\/wp-json\/wp\/v2\/comments?post=1135"}],"version-history":[{"count":0,"href":"https:\/\/sertv.gob.pa\/nacionalfm\/wp-json\/wp\/v2\/posts\/1135\/revisions"}],"wp:featuredmedia":[{"embeddable":true,"href":"https:\/\/sertv.gob.pa\/nacionalfm\/wp-json\/wp\/v2\/media\/1136"}],"wp:attachment":[{"href":"https:\/\/sertv.gob.pa\/nacionalfm\/wp-json\/wp\/v2\/media?parent=1135"}],"wp:term":[{"taxonomy":"category","embeddable":true,"href":"https:\/\/sertv.gob.pa\/nacionalfm\/wp-json\/wp\/v2\/categories?post=1135"},{"taxonomy":"post_tag","embeddable":true,"href":"https:\/\/sertv.gob.pa\/nacionalfm\/wp-json\/wp\/v2\/tags?post=1135"}],"curies":[{"name":"wp","href":"https:\/\/api.w.org\/{rel}","templated":true}]}}