{"id":11356,"date":"2016-03-16T15:49:04","date_gmt":"2016-03-16T15:49:04","guid":{"rendered":""},"modified":"2016-03-16T15:49:04","modified_gmt":"2016-03-16T15:49:04","slug":"entregan-pabellon-nacional-a-seleccion-mayor-de-beisbol","status":"publish","type":"post","link":"https:\/\/sertv.gob.pa\/nacionalfm\/entregan-pabellon-nacional-a-seleccion-mayor-de-beisbol\/","title":{"rendered":"Entregan pabell\u00f3n nacional a Selecci\u00f3n Mayor de B\u00e9isbol"},"content":{"rendered":"<p>\nLa novena paname\u00f1a encabezada por el director del equipo Carlos Lee, recibi\u00f3 el pabell\u00f3n nacional, por parte del director del Instituto Paname\u00f1o de Deportes Roberto Arango y el presidente de la Federaci\u00f3n de B\u00e9isbol de Panam\u00e1 Benicio Robinson, para la representaci\u00f3n istme\u00f1a en la eliminatoria al Cl\u00e1sico Mundial de B\u00e9isbol. <\/p>\n<p>Sobre el abridor ante los franceses para el inicio del torneo, Lee dijo que estar\u00eda entre el zurdo ex grandes ligas Davis Romero y el veterano derecho Paolo Espino. Mientras que para cerrar los juegos estar\u00edan el ex grandes ligas Manuel Corpas y el prospecto de los Bravos de Atlanta, Andy Otero. <\/p>\n<p>Francia, Colombia, Espa\u00f1a y el pa\u00eds anfitri\u00f3n jugar\u00e1n del 17 al 20 de marzo en el Estadio Nacional Rod Carew por el \u00fanico cupo a la justa mundial que se desarrollar\u00e1 en el 2017. <\/p>\n<p>\u00a0 <\/p>\n","protected":false},"excerpt":{"rendered":"<p>La novena paname\u00f1a encabezada por el director del equipo Carlos <a href=\"https:\/\/sertv.gob.pa\/nacionalfm\/entregan-pabellon-nacional-a-seleccion-mayor-de-beisbol\/\"> [&#8230;]<\/a><\/p>\n","protected":false},"author":1,"featured_media":11357,"comment_status":"closed","ping_status":"closed","sticky":false,"template":"","format":"standard","meta":{"footnotes":""},"categories":[4],"tags":[],"class_list":["post-11356","post","type-post","status-publish","format-standard","has-post-thumbnail","hentry","category-deportes"],"_links":{"self":[{"href":"https:\/\/sertv.gob.pa\/nacionalfm\/wp-json\/wp\/v2\/posts\/11356","targetHints":{"allow":["GET"]}}],"collection":[{"href":"https:\/\/sertv.gob.pa\/nacionalfm\/wp-json\/wp\/v2\/posts"}],"about":[{"href":"https:\/\/sertv.gob.pa\/nacionalfm\/wp-json\/wp\/v2\/types\/post"}],"author":[{"embeddable":true,"href":"https:\/\/sertv.gob.pa\/nacionalfm\/wp-json\/wp\/v2\/users\/1"}],"replies":[{"embeddable":true,"href":"https:\/\/sertv.gob.pa\/nacionalfm\/wp-json\/wp\/v2\/comments?post=11356"}],"version-history":[{"count":0,"href":"https:\/\/sertv.gob.pa\/nacionalfm\/wp-json\/wp\/v2\/posts\/11356\/revisions"}],"wp:featuredmedia":[{"embeddable":true,"href":"https:\/\/sertv.gob.pa\/nacionalfm\/wp-json\/wp\/v2\/media\/11357"}],"wp:attachment":[{"href":"https:\/\/sertv.gob.pa\/nacionalfm\/wp-json\/wp\/v2\/media?parent=11356"}],"wp:term":[{"taxonomy":"category","embeddable":true,"href":"https:\/\/sertv.gob.pa\/nacionalfm\/wp-json\/wp\/v2\/categories?post=11356"},{"taxonomy":"post_tag","embeddable":true,"href":"https:\/\/sertv.gob.pa\/nacionalfm\/wp-json\/wp\/v2\/tags?post=11356"}],"curies":[{"name":"wp","href":"https:\/\/api.w.org\/{rel}","templated":true}]}}