{"id":11364,"date":"2016-03-16T16:57:33","date_gmt":"2016-03-16T16:57:33","guid":{"rendered":""},"modified":"2016-03-16T16:57:33","modified_gmt":"2016-03-16T16:57:33","slug":"bolillo-gomez-convoca-a-cinco-jugadores-de-la-lpf","status":"publish","type":"post","link":"https:\/\/sertv.gob.pa\/nacionalfm\/bolillo-gomez-convoca-a-cinco-jugadores-de-la-lpf\/","title":{"rendered":"\u201cBolillo\u201d G\u00f3mez convoca a cinco jugadores de la LPF"},"content":{"rendered":"<p>\nEl t\u00e9cnico Hern\u00e1n &ldquo;Bolillo&rdquo; G\u00f3mez director de la Selecci\u00f3n Nacional Mayor de F\u00fatbol, convoc\u00f3 a cinco jugadores dela Liga Paname\u00f1a de F\u00fatbol para los partidos de la eliminatoria mundialista ante Hait\u00ed, que son Fidel Escobar del Sporting San Miguelito, Alex Rodr\u00edguez del San Francisco, Armando Cooper del \u00c1rabe Unido, Cristian Mart\u00ednez del Chorrillo FC y Luis Henr\u00edquez del Tauro FC. <\/p>\n<p>&lsquo;Bolillo&rsquo; complet\u00f3 su convocatoria luego del partido amistoso de este martes en el que una selecci\u00f3n nacional compuesta exclusivamente por jugadores de LPF, cay\u00f3 derrotada ante su similar de Nicaragua por marcador de 1-0. <\/p>\n<p>Esta convocatoria representa la oportunidad de disputar su primer partido oficial con la selecci\u00f3n mayor para jugadores como Fidel Escobar, Alex Rodr\u00edguez y el juvenil Christian Mart\u00ednez. <\/p>\n","protected":false},"excerpt":{"rendered":"<p>El t\u00e9cnico Hern\u00e1n &ldquo;Bolillo&rdquo; G\u00f3mez director de la Selecci\u00f3n Nacional <a href=\"https:\/\/sertv.gob.pa\/nacionalfm\/bolillo-gomez-convoca-a-cinco-jugadores-de-la-lpf\/\"> [&#8230;]<\/a><\/p>\n","protected":false},"author":1,"featured_media":11365,"comment_status":"closed","ping_status":"closed","sticky":false,"template":"","format":"standard","meta":{"footnotes":""},"categories":[4],"tags":[],"class_list":["post-11364","post","type-post","status-publish","format-standard","has-post-thumbnail","hentry","category-deportes"],"_links":{"self":[{"href":"https:\/\/sertv.gob.pa\/nacionalfm\/wp-json\/wp\/v2\/posts\/11364","targetHints":{"allow":["GET"]}}],"collection":[{"href":"https:\/\/sertv.gob.pa\/nacionalfm\/wp-json\/wp\/v2\/posts"}],"about":[{"href":"https:\/\/sertv.gob.pa\/nacionalfm\/wp-json\/wp\/v2\/types\/post"}],"author":[{"embeddable":true,"href":"https:\/\/sertv.gob.pa\/nacionalfm\/wp-json\/wp\/v2\/users\/1"}],"replies":[{"embeddable":true,"href":"https:\/\/sertv.gob.pa\/nacionalfm\/wp-json\/wp\/v2\/comments?post=11364"}],"version-history":[{"count":0,"href":"https:\/\/sertv.gob.pa\/nacionalfm\/wp-json\/wp\/v2\/posts\/11364\/revisions"}],"wp:featuredmedia":[{"embeddable":true,"href":"https:\/\/sertv.gob.pa\/nacionalfm\/wp-json\/wp\/v2\/media\/11365"}],"wp:attachment":[{"href":"https:\/\/sertv.gob.pa\/nacionalfm\/wp-json\/wp\/v2\/media?parent=11364"}],"wp:term":[{"taxonomy":"category","embeddable":true,"href":"https:\/\/sertv.gob.pa\/nacionalfm\/wp-json\/wp\/v2\/categories?post=11364"},{"taxonomy":"post_tag","embeddable":true,"href":"https:\/\/sertv.gob.pa\/nacionalfm\/wp-json\/wp\/v2\/tags?post=11364"}],"curies":[{"name":"wp","href":"https:\/\/api.w.org\/{rel}","templated":true}]}}