{"id":11366,"date":"2016-03-16T18:30:57","date_gmt":"2016-03-16T18:30:57","guid":{"rendered":""},"modified":"2016-03-16T18:30:57","modified_gmt":"2016-03-16T18:30:57","slug":"la-calvicie-en-las-mujeres","status":"publish","type":"post","link":"https:\/\/sertv.gob.pa\/nacionalfm\/la-calvicie-en-las-mujeres\/","title":{"rendered":"La calvicie en las mujeres"},"content":{"rendered":"<p>\nContrario a la creencia popular, la calvicie no es \u00fanicamente un problema de hombres. Resulta que 30% de las mujeres presentar\u00e1n alg\u00fan grado de p\u00e9rdida de cabello al llegar a los 40 a\u00f1os. <\/p>\n<p>As\u00ed lo asegura Giovanni Bojanini, m\u00e9dico dermat\u00f3logo colombiano especialista en tratamientos para la ca\u00edda del cabello. <\/p>\n<p>A pesar de que sigue siendo una condici\u00f3n m\u00e1s frecuente entre los hombres, el especialista ha visto un incremento en la consulta de mujeres a lo largo de sus 24 a\u00f1os de experiencia en el campo. <\/p>\n<p>&lsquo;El 70% de mis consultas son mujeres y el 30% hombres&#8217;, revela. Esto lo atribuye a que ninguna mujer va aceptar ser calva a ninguna edad. Igualmente ve a pacientes cada vez m\u00e1s j\u00f3venes. <\/p>\n<p>Este patr\u00f3n no se limita a Colombia, donde practica actualmente. Tambi\u00e9n lo ha comenzado a observar en sus distintas cl\u00ednicas alrededor del mundo, incluyendo la TX Capilar en Panam\u00e1. <\/p>\n<p>&lsquo;El pelo hoy es un \u00f3rgano obsoleto&#8217;, explica, pronosticando su pronta desaparici\u00f3n como parte del proceso evolutivo. <\/p>\n<p>Sin embargo, no hay por qu\u00e9 alarmarse. &lsquo;Nadie deber\u00eda quedarse calvo si consulta a tiempo&#8217;, menciona Bojanini. &lsquo;Existe tratamiento m\u00e9dico para detener y recuperar gran parte del cabello que se ha perdido en cantidad y grosor&#8217;. <\/p>\n<p>\u00a0 <\/p>\n","protected":false},"excerpt":{"rendered":"<p>Contrario a la creencia popular, la calvicie no es \u00fanicamente <a href=\"https:\/\/sertv.gob.pa\/nacionalfm\/la-calvicie-en-las-mujeres\/\"> [&#8230;]<\/a><\/p>\n","protected":false},"author":1,"featured_media":11367,"comment_status":"closed","ping_status":"closed","sticky":false,"template":"","format":"standard","meta":{"footnotes":""},"categories":[5],"tags":[],"class_list":["post-11366","post","type-post","status-publish","format-standard","has-post-thumbnail","hentry","category-salud"],"_links":{"self":[{"href":"https:\/\/sertv.gob.pa\/nacionalfm\/wp-json\/wp\/v2\/posts\/11366","targetHints":{"allow":["GET"]}}],"collection":[{"href":"https:\/\/sertv.gob.pa\/nacionalfm\/wp-json\/wp\/v2\/posts"}],"about":[{"href":"https:\/\/sertv.gob.pa\/nacionalfm\/wp-json\/wp\/v2\/types\/post"}],"author":[{"embeddable":true,"href":"https:\/\/sertv.gob.pa\/nacionalfm\/wp-json\/wp\/v2\/users\/1"}],"replies":[{"embeddable":true,"href":"https:\/\/sertv.gob.pa\/nacionalfm\/wp-json\/wp\/v2\/comments?post=11366"}],"version-history":[{"count":0,"href":"https:\/\/sertv.gob.pa\/nacionalfm\/wp-json\/wp\/v2\/posts\/11366\/revisions"}],"wp:featuredmedia":[{"embeddable":true,"href":"https:\/\/sertv.gob.pa\/nacionalfm\/wp-json\/wp\/v2\/media\/11367"}],"wp:attachment":[{"href":"https:\/\/sertv.gob.pa\/nacionalfm\/wp-json\/wp\/v2\/media?parent=11366"}],"wp:term":[{"taxonomy":"category","embeddable":true,"href":"https:\/\/sertv.gob.pa\/nacionalfm\/wp-json\/wp\/v2\/categories?post=11366"},{"taxonomy":"post_tag","embeddable":true,"href":"https:\/\/sertv.gob.pa\/nacionalfm\/wp-json\/wp\/v2\/tags?post=11366"}],"curies":[{"name":"wp","href":"https:\/\/api.w.org\/{rel}","templated":true}]}}